{"id":44738,"date":"2013-02-22T17:54:51","date_gmt":"2013-02-22T20:54:51","guid":{"rendered":"http:\/\/senoticias.com.br\/se\/?p=44738"},"modified":"2013-02-22T17:54:51","modified_gmt":"2013-02-22T20:54:51","slug":"motociclista-morre-apos-colidir-contra-muro-em-sao-miguel-do-aleixo","status":"publish","type":"post","link":"https:\/\/senoticias.com.br\/se\/motociclista-morre-apos-colidir-contra-muro-em-sao-miguel-do-aleixo\/","title":{"rendered":"Motociclista morre ap\u00f3s colidir contra muro em S\u00e3o Miguel do Aleixo"},"content":{"rendered":"<p>&nbsp;<\/p>\n<p>&nbsp;<\/p>\n<div id=\"attachment_44739\" style=\"width: 310px\" class=\"wp-caption alignleft\"><a href=\"http:\/\/senoticias.com.br\/se\/wp-content\/uploads\/2013\/02\/acidente_tiago.jpg\"><img loading=\"lazy\" decoding=\"async\" aria-describedby=\"caption-attachment-44739\" class=\"size-medium wp-image-44739\" title=\"acidente_tiago\" src=\"http:\/\/senoticias.com.br\/se\/wp-content\/uploads\/2013\/02\/acidente_tiago-300x225.jpg\" alt=\"\" width=\"300\" height=\"225\" srcset=\"https:\/\/senoticias.com.br\/se\/wp-content\/uploads\/2013\/02\/acidente_tiago-300x225.jpg 300w, https:\/\/senoticias.com.br\/se\/wp-content\/uploads\/2013\/02\/acidente_tiago-342x256.jpg 342w, https:\/\/senoticias.com.br\/se\/wp-content\/uploads\/2013\/02\/acidente_tiago-60x45.jpg 60w, https:\/\/senoticias.com.br\/se\/wp-content\/uploads\/2013\/02\/acidente_tiago-150x113.jpg 150w, https:\/\/senoticias.com.br\/se\/wp-content\/uploads\/2013\/02\/acidente_tiago-269x201.jpg 269w, https:\/\/senoticias.com.br\/se\/wp-content\/uploads\/2013\/02\/acidente_tiago.jpg 800w\" sizes=\"(max-width: 300px) 100vw, 300px\" \/><\/a><p id=\"caption-attachment-44739\" class=\"wp-caption-text\">Jovem natural de Nossa Senhora Aparecida morre em acidente motocicl\u00edstico. (Foto: Gilson de Oliveira)<\/p><\/div>\n<p style=\"text-align: justify;\">Por volta das 22 horas dessa quinta-feira, dia 22, o jovem Tiago Lima Fernandes, 25 anos, morreu ap\u00f3s colidir uma motocicleta em um muro na entrada da cidade de S\u00e3o Miguel do Aleixo\/SE.<\/p>\n<p style=\"text-align: justify;\">Segundo informa\u00e7\u00f5es, Tiago entrou na cidade em alta velocidade e ap\u00f3s passar do quebra-molas perdeu o equil\u00edbrio e chocou-se contra um muro de uma resid\u00eancia, vizinha a uma borracharia. Com o impacto, o muro foi derrubado.<\/p>\n<p style=\"text-align: justify;\">O Servi\u00e7o de Atendimento Mov\u00e9l de Urg\u00eancia (SAMU) ainda fez o atendimento \u00e0 vitima, mas ele n\u00e3o resistiu e veio a \u00f3bito.<\/p>\n<p style=\"text-align: justify;\">O jovem que perdeu recentemente sua ex-esposa, deixando uma filha \u00f3rf\u00e3. Ele era irm\u00e3o de Wellington, motorista de um transporte alternativo.<\/p>\n<p style=\"text-align: justify;\"><span style=\"color: #333333;\"><strong>Da reda\u00e7\u00e3o Itnet, Aparecido Santana.<\/strong><\/span><\/p>\n","protected":false},"excerpt":{"rendered":"<p>&nbsp; &nbsp; Por volta das 22 horas dessa quinta-feira, dia 22, o jovem Tiago Lima Fernandes, 25 anos, morreu ap\u00f3s colidir uma motocicleta em um muro na entrada da cidade de S\u00e3o Miguel do Aleixo\/SE. Segundo informa\u00e7\u00f5es, Tiago entrou na cidade em alta velocidade e ap\u00f3s passar do quebra-molas perdeu o equil\u00edbrio e chocou-se contra [&hellip;]<\/p>\n","protected":false},"author":1,"featured_media":44739,"comment_status":"closed","ping_status":"closed","sticky":false,"template":"","format":"standard","meta":{"footnotes":""},"categories":[7],"tags":[],"class_list":{"0":"post-44738","1":"post","2":"type-post","3":"status-publish","4":"format-standard","5":"has-post-thumbnail","7":"category-policia"},"_links":{"self":[{"href":"https:\/\/senoticias.com.br\/se\/wp-json\/wp\/v2\/posts\/44738"}],"collection":[{"href":"https:\/\/senoticias.com.br\/se\/wp-json\/wp\/v2\/posts"}],"about":[{"href":"https:\/\/senoticias.com.br\/se\/wp-json\/wp\/v2\/types\/post"}],"author":[{"embeddable":true,"href":"https:\/\/senoticias.com.br\/se\/wp-json\/wp\/v2\/users\/1"}],"replies":[{"embeddable":true,"href":"https:\/\/senoticias.com.br\/se\/wp-json\/wp\/v2\/comments?post=44738"}],"version-history":[{"count":0,"href":"https:\/\/senoticias.com.br\/se\/wp-json\/wp\/v2\/posts\/44738\/revisions"}],"wp:featuredmedia":[{"embeddable":true,"href":"https:\/\/senoticias.com.br\/se\/wp-json\/wp\/v2\/media\/44739"}],"wp:attachment":[{"href":"https:\/\/senoticias.com.br\/se\/wp-json\/wp\/v2\/media?parent=44738"}],"wp:term":[{"taxonomy":"category","embeddable":true,"href":"https:\/\/senoticias.com.br\/se\/wp-json\/wp\/v2\/categories?post=44738"},{"taxonomy":"post_tag","embeddable":true,"href":"https:\/\/senoticias.com.br\/se\/wp-json\/wp\/v2\/tags?post=44738"}],"curies":[{"name":"wp","href":"https:\/\/api.w.org\/{rel}","templated":true}]}}