{"id":44732,"date":"2013-02-22T17:31:32","date_gmt":"2013-02-22T20:31:32","guid":{"rendered":"http:\/\/senoticias.com.br\/se\/?p=44732"},"modified":"2013-02-22T17:32:57","modified_gmt":"2013-02-22T20:32:57","slug":"seed-divulga-resultado-do-processo-seletivo-do-pre-universitario","status":"publish","type":"post","link":"https:\/\/senoticias.com.br\/se\/seed-divulga-resultado-do-processo-seletivo-do-pre-universitario\/","title":{"rendered":"Seed divulga resultado do Processo Seletivo do Pr\u00e9-Universit\u00e1rio"},"content":{"rendered":"<p>&nbsp;<\/p>\n<div id=\"attachment_44733\" style=\"width: 310px\" class=\"wp-caption alignleft\"><a href=\"http:\/\/senoticias.com.br\/se\/wp-content\/uploads\/2013\/02\/Seed.jpg\"><img loading=\"lazy\" decoding=\"async\" aria-describedby=\"caption-attachment-44733\" class=\"size-full wp-image-44733\" title=\"Seed\" src=\"http:\/\/senoticias.com.br\/se\/wp-content\/uploads\/2013\/02\/Seed.jpg\" alt=\"\" width=\"300\" height=\"200\" \/><\/a><p id=\"caption-attachment-44733\" class=\"wp-caption-text\">Seed divulga resultado do Processo Seletivo do Pr\u00e9-Universit\u00e1rio. (Foto: Ascom\/Seed)<\/p><\/div>\n<p style=\"text-align: justify;\">O resultado do Processo Seletivo 2013 do Pr\u00e9-Universit\u00e1rio da Secretaria de Estado da Educa\u00e7\u00e3o j\u00e1 se encontra no site da Seed \u00e0 disposi\u00e7\u00e3o dos candidatos. Os 10.142 inscritos concorreram a uma das 5.921 vagas ofertadas pelo Governo de Sergipe.<\/p>\n<p style=\"text-align: justify;\">Os exames foram realizados no dia 3 de fevereiro, das 9h \u00e0s 12h30, em 21 escolas distribu\u00eddas pelos 34 polos do Pr\u00e9-Universit\u00e1rio. As inscri\u00e7\u00f5es ocorreram de 10 de dezembro de 2012 a 11 de janeiro de 2013. O resultado do candidato est\u00e1 pelo nome do polo em que ele se inscreveu. As aulas ter\u00e3o in\u00edcio na primeira quinzena de mar\u00e7o.<\/p>\n<p style=\"text-align: justify;\">Os alunos responderam a 50 quest\u00f5es, distribu\u00eddas pelas seguintes disciplinas: Ci\u00eancias Humanas e suas Tecnologias; Ci\u00eancias da Natureza e suas Tecnologias; Linguagens, C\u00f3digos e suas Tecnologias (Espanhol ou Ingl\u00eas); e Matem\u00e1tica e suas Tecnologias. As quest\u00f5es foram elaboradas de acordo com as matrizes de refer\u00eancia do Exame Nacional do Ensino M\u00e9dio (Enem).<\/p>\n<p style=\"text-align: justify;\"><strong>Clique <a href=\" http:\/\/www.seed.se.gov.br\/portais\/preuni\/arquivos.asp\" target=\"_blank\">aqui<\/a> e confira o resultado<\/strong><\/p>\n<p style=\"text-align: justify;\"><strong>Sucesso<\/strong><\/p>\n<p style=\"text-align: justify;\">O Pr\u00e9-Universit\u00e1rio da Seed tem garantido o sucesso dos alunos da rede p\u00fablica de ensino nos concursos vestibulares. Neste ano de 2013, a rede p\u00fablica estadual de ensino aprovou 3.330 alunos. Deste total, 2.285 alunos foram aprovados no Exame Nacional do Ensino M\u00e9dio (Enem) da Universidade Federal de Sergipe (UFS), e 1.045 em outras institui\u00e7\u00f5es de ensino superior. Esta foi a primeira vez que a UFS utilizou o resultado do Enem para a classifica\u00e7\u00e3o dos candidatos.<\/p>\n<p style=\"text-align: justify;\">Em 2012, foram aprovados 3.733 nos vestibulares, sendo 2.703 deles na Universidade Federal de Sergipe.<\/p>\n<p style=\"text-align: justify;\"><em><strong>Ascom\/Seed<\/strong><\/em><\/p>\n","protected":false},"excerpt":{"rendered":"<p>&nbsp; O resultado do Processo Seletivo 2013 do Pr\u00e9-Universit\u00e1rio da Secretaria de Estado da Educa\u00e7\u00e3o j\u00e1 se encontra no site da Seed \u00e0 disposi\u00e7\u00e3o dos candidatos. Os 10.142 inscritos concorreram a uma das 5.921 vagas ofertadas pelo Governo de Sergipe. Os exames foram realizados no dia 3 de fevereiro, das 9h \u00e0s 12h30, em 21 [&hellip;]<\/p>\n","protected":false},"author":1,"featured_media":44733,"comment_status":"closed","ping_status":"closed","sticky":false,"template":"","format":"standard","meta":{"footnotes":""},"categories":[44,26,1],"tags":[],"class_list":{"0":"post-44732","1":"post","2":"type-post","3":"status-publish","4":"format-standard","5":"has-post-thumbnail","7":"category-educacao","8":"category-esportes","9":"category-sem-categoria"},"_links":{"self":[{"href":"https:\/\/senoticias.com.br\/se\/wp-json\/wp\/v2\/posts\/44732"}],"collection":[{"href":"https:\/\/senoticias.com.br\/se\/wp-json\/wp\/v2\/posts"}],"about":[{"href":"https:\/\/senoticias.com.br\/se\/wp-json\/wp\/v2\/types\/post"}],"author":[{"embeddable":true,"href":"https:\/\/senoticias.com.br\/se\/wp-json\/wp\/v2\/users\/1"}],"replies":[{"embeddable":true,"href":"https:\/\/senoticias.com.br\/se\/wp-json\/wp\/v2\/comments?post=44732"}],"version-history":[{"count":0,"href":"https:\/\/senoticias.com.br\/se\/wp-json\/wp\/v2\/posts\/44732\/revisions"}],"wp:featuredmedia":[{"embeddable":true,"href":"https:\/\/senoticias.com.br\/se\/wp-json\/wp\/v2\/media\/44733"}],"wp:attachment":[{"href":"https:\/\/senoticias.com.br\/se\/wp-json\/wp\/v2\/media?parent=44732"}],"wp:term":[{"taxonomy":"category","embeddable":true,"href":"https:\/\/senoticias.com.br\/se\/wp-json\/wp\/v2\/categories?post=44732"},{"taxonomy":"post_tag","embeddable":true,"href":"https:\/\/senoticias.com.br\/se\/wp-json\/wp\/v2\/tags?post=44732"}],"curies":[{"name":"wp","href":"https:\/\/api.w.org\/{rel}","templated":true}]}}