{"id":44729,"date":"2013-02-22T16:55:03","date_gmt":"2013-02-22T19:55:03","guid":{"rendered":"http:\/\/senoticias.com.br\/se\/?p=44729"},"modified":"2013-02-22T16:57:40","modified_gmt":"2013-02-22T19:57:40","slug":"governo-publica-relatorio-onde-detalha-atividades-desenvolvidas-em-2012","status":"publish","type":"post","link":"https:\/\/senoticias.com.br\/se\/governo-publica-relatorio-onde-detalha-atividades-desenvolvidas-em-2012\/","title":{"rendered":"Governo publica relat\u00f3rio onde detalha atividades desenvolvidas em 2012"},"content":{"rendered":"<div id=\"attachment_44730\" style=\"width: 310px\" class=\"wp-caption alignleft\"><a href=\"http:\/\/senoticias.com.br\/se\/wp-content\/uploads\/2013\/02\/1349139723deda_._jose_cruz_abr.jpg\"><img loading=\"lazy\" decoding=\"async\" aria-describedby=\"caption-attachment-44730\" class=\"size-medium wp-image-44730\" title=\"1349139723deda_._jose_cruz_abr\" src=\"http:\/\/senoticias.com.br\/se\/wp-content\/uploads\/2013\/02\/1349139723deda_._jose_cruz_abr-300x208.jpg\" alt=\"\" width=\"300\" height=\"208\" srcset=\"https:\/\/senoticias.com.br\/se\/wp-content\/uploads\/2013\/02\/1349139723deda_._jose_cruz_abr-300x208.jpg 300w, https:\/\/senoticias.com.br\/se\/wp-content\/uploads\/2013\/02\/1349139723deda_._jose_cruz_abr-342x238.jpg 342w, https:\/\/senoticias.com.br\/se\/wp-content\/uploads\/2013\/02\/1349139723deda_._jose_cruz_abr.jpg 448w\" sizes=\"(max-width: 300px) 100vw, 300px\" \/><\/a><p id=\"caption-attachment-44730\" class=\"wp-caption-text\">A apresenta\u00e7\u00e3o traz um texto do governador pontuando os principais aspectos que nortearam a elabora\u00e7\u00e3o do Relat\u00f3rio (Foto:Reprodu\u00e7\u00e3o)<\/p><\/div>\n<p style=\"text-align: justify;\">H\u00e1 um novo Sergipe nascendo no Cora\u00e7\u00e3o da Gente\u2019. Este \u00e9 o slogan do Relat\u00f3rio de Atividades 2012, do Governo do Estado de Sergipe. A publica\u00e7\u00e3o, organizada pela Secretaria de Estado da Comunica\u00e7\u00e3o (Secom), com a colabora\u00e7\u00e3o das demais pastas, re\u00fane grande parte dos dados obtidos pelo Estado de Sergipe no ano de 2012 nos mais diversos segmentos.<\/p>\n<p style=\"text-align: justify;\">O lan\u00e7amento ocorreu na \u00faltima segunda, 18, quando o governador Marcelo D\u00e9da participou da abertura dos trabalhos na Assembleia Legislativa de Sergipe (Alese). Na oportunidade, cada deputado recebeu um exemplar da publica\u00e7\u00e3o, j\u00e1 dispon\u00edvel para download\u00a0na Ag\u00eancia Sergipe de Not\u00edcias.<\/p>\n<p style=\"text-align: justify;\">A apresenta\u00e7\u00e3o traz um texto do governador pontuando os principais aspectos que nortearam a elabora\u00e7\u00e3o do Relat\u00f3rio. Sendo assim, D\u00e9da lembra que o ano de 2012 foi marcado por uma das mais graves crises econ\u00f4micas da hist\u00f3ria do Brasil, mas mesmo assim o Governo estadual conseguiu manter o ritmo do trabalho. \u201cGarantimos o ritmo dos investimentos e a presta\u00e7\u00e3o de servi\u00e7os, atingindo as metas de desenvolvimento econ\u00f4mico com inclus\u00e3o social\u201d, destaca.<\/p>\n<p style=\"text-align: justify;\">Em meio aos principais avan\u00e7os, o governador cita \u201cuma nova malha vi\u00e1ria em crescente expans\u00e3o\u201d; a acelera\u00e7\u00e3o do processo de desenvolvimento industrial, \u201ccom a instala\u00e7\u00e3o de centenas de novas ind\u00fastrias\u201d, o incentivo \u00e0 agricultura familiar, \u201cque fez Sergipe colher safras recordes ao longo dos \u00faltimos anos\u201d, al\u00e9m dos recordes na gera\u00e7\u00e3o de empregos formais.<\/p>\n<p style=\"text-align: justify;\">A publica\u00e7\u00e3o \u00e9 dividida em tr\u00eas t\u00f3picos principais: \u2018Panorama Econ\u00f4mico e Social\u2019, \u2018Perfil da Administra\u00e7\u00e3o P\u00fablica\u2019 e \u2018Resultado de Gest\u00e3o\u2019. No primeiro, um apanhado que traz n\u00fameros expressivos, como a gera\u00e7\u00e3o de empregos formais, que entre 2007 e 2012 aumentou 53% em Sergipe, frente aos 46% de crescimento do Nordeste e 39% do Brasil \u2013 dados do Caged\/MTE.<\/p>\n<p style=\"text-align: justify;\">\u201cSergipe registra os melhores indicadores da regi\u00e3o Nordeste, em fun\u00e7\u00e3o do crescimento de sua economia e das pol\u00edticas sociais adotadas, inclusive de transfer\u00eancia de renda\u201d, diz o texto.<\/p>\n<p style=\"text-align: justify;\">J\u00e1 o \u2018Perfil da Administra\u00e7\u00e3o P\u00fablica\u2019 apresenta de forma transparente como vem sendo feita a gest\u00e3o das finan\u00e7as no Estado, incluindo receitas e despesas totais, resultado previdenci\u00e1rio e quadros de indicadores da Lei de Responsabilidade Fiscal (LRF), onde h\u00e1, por exemplo, os gastos com Pessoal, Sa\u00fade e Educa\u00e7\u00e3o.<\/p>\n<p style=\"text-align: justify;\">Por fim, o Relat\u00f3rio de Atividades 2012 retrata os mais relevantes investimentos efetuados pelo Governo em \u00e1reas como Sa\u00fade, Educa\u00e7\u00e3o, Inclus\u00e3o Social, Seguran\u00e7a P\u00fablica e Justi\u00e7a, Cultura, Desporto e Lazer, Fomento ao Desenvolvimento, Desenvolvimento Rural, Infraestrutura e Desenvolvimento Urbano, Turismo, Meio Ambiente e Moderniza\u00e7\u00e3o, Democratiza\u00e7\u00e3o e Transpar\u00eancia da Gest\u00e3o P\u00fablica.<\/p>\n<p style=\"text-align: justify;\"><strong>Da Secom Sergipe<\/strong><\/p>\n","protected":false},"excerpt":{"rendered":"<p>H\u00e1 um novo Sergipe nascendo no Cora\u00e7\u00e3o da Gente\u2019. Este \u00e9 o slogan do Relat\u00f3rio de Atividades 2012, do Governo do Estado de Sergipe. A publica\u00e7\u00e3o, organizada pela Secretaria de Estado da Comunica\u00e7\u00e3o (Secom), com a colabora\u00e7\u00e3o das demais pastas, re\u00fane grande parte dos dados obtidos pelo Estado de Sergipe no ano de 2012 nos [&hellip;]<\/p>\n","protected":false},"author":1,"featured_media":44730,"comment_status":"closed","ping_status":"closed","sticky":false,"template":"","format":"standard","meta":{"footnotes":""},"categories":[6],"tags":[],"class_list":{"0":"post-44729","1":"post","2":"type-post","3":"status-publish","4":"format-standard","5":"has-post-thumbnail","7":"category-politica"},"_links":{"self":[{"href":"https:\/\/senoticias.com.br\/se\/wp-json\/wp\/v2\/posts\/44729"}],"collection":[{"href":"https:\/\/senoticias.com.br\/se\/wp-json\/wp\/v2\/posts"}],"about":[{"href":"https:\/\/senoticias.com.br\/se\/wp-json\/wp\/v2\/types\/post"}],"author":[{"embeddable":true,"href":"https:\/\/senoticias.com.br\/se\/wp-json\/wp\/v2\/users\/1"}],"replies":[{"embeddable":true,"href":"https:\/\/senoticias.com.br\/se\/wp-json\/wp\/v2\/comments?post=44729"}],"version-history":[{"count":0,"href":"https:\/\/senoticias.com.br\/se\/wp-json\/wp\/v2\/posts\/44729\/revisions"}],"wp:featuredmedia":[{"embeddable":true,"href":"https:\/\/senoticias.com.br\/se\/wp-json\/wp\/v2\/media\/44730"}],"wp:attachment":[{"href":"https:\/\/senoticias.com.br\/se\/wp-json\/wp\/v2\/media?parent=44729"}],"wp:term":[{"taxonomy":"category","embeddable":true,"href":"https:\/\/senoticias.com.br\/se\/wp-json\/wp\/v2\/categories?post=44729"},{"taxonomy":"post_tag","embeddable":true,"href":"https:\/\/senoticias.com.br\/se\/wp-json\/wp\/v2\/tags?post=44729"}],"curies":[{"name":"wp","href":"https:\/\/api.w.org\/{rel}","templated":true}]}}