{"id":44725,"date":"2013-02-22T14:28:04","date_gmt":"2013-02-22T17:28:04","guid":{"rendered":"http:\/\/senoticias.com.br\/se\/?p=44725"},"modified":"2013-02-25T15:30:33","modified_gmt":"2013-02-25T18:30:33","slug":"ministerio-publico-eleitoral-entra-com-representacao-contra-gilmar-carvalho","status":"publish","type":"post","link":"https:\/\/senoticias.com.br\/se\/ministerio-publico-eleitoral-entra-com-representacao-contra-gilmar-carvalho\/","title":{"rendered":"Minist\u00e9rio P\u00fablico Eleitoral entra com representa\u00e7\u00e3o contra Gilmar Carvalho"},"content":{"rendered":"<p>&nbsp;<\/p>\n<div id=\"attachment_40116\" style=\"width: 280px\" class=\"wp-caption alignleft\"><a href=\"http:\/\/senoticias.com.br\/se\/wp-content\/uploads\/2012\/10\/Gilmar-Carvalho.jpg\"><img loading=\"lazy\" decoding=\"async\" aria-describedby=\"caption-attachment-40116\" class=\"size-full wp-image-40116\" title=\"Gilmar Carvalho\" src=\"http:\/\/senoticias.com.br\/se\/wp-content\/uploads\/2012\/10\/Gilmar-Carvalho.jpg\" alt=\"\" width=\"270\" height=\"187\" srcset=\"https:\/\/senoticias.com.br\/se\/wp-content\/uploads\/2012\/10\/Gilmar-Carvalho.jpg 270w, https:\/\/senoticias.com.br\/se\/wp-content\/uploads\/2012\/10\/Gilmar-Carvalho-269x187.jpg 269w\" sizes=\"(max-width: 270px) 100vw, 270px\" \/><\/a><p id=\"caption-attachment-40116\" class=\"wp-caption-text\">Minist\u00e9rio P\u00fablico Eleitoral entra com representa\u00e7\u00e3o contra Gilmar Carvalho. (Foto: Reprodu\u00e7\u00e3o)<\/p><\/div>\n<p style=\"text-align: justify;\">O Minist\u00e9rio P\u00fablico Eleitoral em Sergipe ofereceu uma representa\u00e7\u00e3o por propaganda eleitoral antecipada, com pedido liminar, contra o radialista Gilmar Carvalho. O suplente de deputado estadual passou a exibir, em seu programa matinal, uma m\u00fasica em que tem suas supostas qualidades exaltadas. No final, \u00e9 inserido um trecho da can\u00e7\u00e3o \u201cExpresso 2222\u201d, de Gilberto Gil.<\/p>\n<p style=\"text-align: justify;\">A veicula\u00e7\u00e3o da m\u00fasica se caracteriza como propaganda eleitoral antecipada porque Gilmar Carvalho concorreu nas \u00faltimas elei\u00e7\u00f5es com o n\u00famero 22222. Com as vinhetas do seu programa de r\u00e1dio, ele utiliza da propaganda subliminar para associar supostas virtudes pessoais ao seu n\u00famero de campanha. Vale ressaltar que o apresentador utilizou a can\u00e7\u00e3o nos dias 18 e 19 de fevereiro pelo menos quatro vezes e em uma delas anunciou, inclusive, que o material seria disponibilizado para download em um site de not\u00edcias.<\/p>\n<p style=\"text-align: justify;\">De acordo com a procuradora Regional Eleitoral, L\u00edvia Nascimento Tin\u00f4co, \u201cn\u00e3o h\u00e1 d\u00favidas de que, caso a Justi\u00e7a Eleitoral n\u00e3o pro\u00edba a conduta, o representado far\u00e1 farta e desproporcional propaganda eleitoral, e isto mais de um ano antes do in\u00edcio do pr\u00f3ximo processo eleitoral, que come\u00e7a apenas em julho de 2014\u201d.<\/p>\n<p style=\"text-align: justify;\">A representa\u00e7\u00e3o pede, em car\u00e1ter liminar, que Gilmar Carvalho deixe de veicular a propaganda em qualquer meio de comunica\u00e7\u00e3o, sob pena de multa di\u00e1ria no valor de cinco mil reais. Em car\u00e1ter definitivo, requer o pagamento de multa, que de acordo com a Lei pode variar entre R$ 5 mil e R$ 25 mil, ou possuir valor equivalente ao custo da propaganda, se este for maior que os R$ 25 mil. O radialista ser\u00e1 notificado para apresentar sua defesa.<\/p>\n<p style=\"text-align: justify;\"><span style=\"color: #333333;\"><strong>Assessoria de Comunica\u00e7\u00e3o<\/strong><\/span><br \/>\n<span style=\"color: #333333;\"><strong> Minist\u00e9rio P\u00fablico Federal em Sergipe<\/strong><\/span><\/p>\n","protected":false},"excerpt":{"rendered":"<p>&nbsp; O Minist\u00e9rio P\u00fablico Eleitoral em Sergipe ofereceu uma representa\u00e7\u00e3o por propaganda eleitoral antecipada, com pedido liminar, contra o radialista Gilmar Carvalho. O suplente de deputado estadual passou a exibir, em seu programa matinal, uma m\u00fasica em que tem suas supostas qualidades exaltadas. No final, \u00e9 inserido um trecho da can\u00e7\u00e3o \u201cExpresso 2222\u201d, de Gilberto [&hellip;]<\/p>\n","protected":false},"author":1,"featured_media":40116,"comment_status":"closed","ping_status":"closed","sticky":false,"template":"","format":"standard","meta":{"footnotes":""},"categories":[6],"tags":[],"class_list":{"0":"post-44725","1":"post","2":"type-post","3":"status-publish","4":"format-standard","5":"has-post-thumbnail","7":"category-politica"},"_links":{"self":[{"href":"https:\/\/senoticias.com.br\/se\/wp-json\/wp\/v2\/posts\/44725"}],"collection":[{"href":"https:\/\/senoticias.com.br\/se\/wp-json\/wp\/v2\/posts"}],"about":[{"href":"https:\/\/senoticias.com.br\/se\/wp-json\/wp\/v2\/types\/post"}],"author":[{"embeddable":true,"href":"https:\/\/senoticias.com.br\/se\/wp-json\/wp\/v2\/users\/1"}],"replies":[{"embeddable":true,"href":"https:\/\/senoticias.com.br\/se\/wp-json\/wp\/v2\/comments?post=44725"}],"version-history":[{"count":0,"href":"https:\/\/senoticias.com.br\/se\/wp-json\/wp\/v2\/posts\/44725\/revisions"}],"wp:featuredmedia":[{"embeddable":true,"href":"https:\/\/senoticias.com.br\/se\/wp-json\/wp\/v2\/media\/40116"}],"wp:attachment":[{"href":"https:\/\/senoticias.com.br\/se\/wp-json\/wp\/v2\/media?parent=44725"}],"wp:term":[{"taxonomy":"category","embeddable":true,"href":"https:\/\/senoticias.com.br\/se\/wp-json\/wp\/v2\/categories?post=44725"},{"taxonomy":"post_tag","embeddable":true,"href":"https:\/\/senoticias.com.br\/se\/wp-json\/wp\/v2\/tags?post=44725"}],"curies":[{"name":"wp","href":"https:\/\/api.w.org\/{rel}","templated":true}]}}