{"id":44722,"date":"2013-02-22T12:20:45","date_gmt":"2013-02-22T15:20:45","guid":{"rendered":"http:\/\/senoticias.com.br\/se\/?p=44722"},"modified":"2013-02-24T12:30:41","modified_gmt":"2013-02-24T15:30:41","slug":"policia-prende-acusado-de-roubo-seguido-de-estupro-registrado-em-indiaroba","status":"publish","type":"post","link":"https:\/\/senoticias.com.br\/se\/policia-prende-acusado-de-roubo-seguido-de-estupro-registrado-em-indiaroba\/","title":{"rendered":"Pol\u00edcia prende acusado de roubo seguido de estupro registrado em Indiaroba"},"content":{"rendered":"<p>&nbsp;<\/p>\n<div id=\"attachment_44723\" style=\"width: 310px\" class=\"wp-caption alignleft\"><a href=\"http:\/\/senoticias.com.br\/se\/wp-content\/uploads\/2013\/02\/preso_3.jpg\"><img loading=\"lazy\" decoding=\"async\" aria-describedby=\"caption-attachment-44723\" class=\"size-medium wp-image-44723\" title=\"preso_3\" src=\"http:\/\/senoticias.com.br\/se\/wp-content\/uploads\/2013\/02\/preso_3-300x169.jpg\" alt=\"\" width=\"300\" height=\"169\" srcset=\"https:\/\/senoticias.com.br\/se\/wp-content\/uploads\/2013\/02\/preso_3-300x169.jpg 300w, https:\/\/senoticias.com.br\/se\/wp-content\/uploads\/2013\/02\/preso_3-342x192.jpg 342w, https:\/\/senoticias.com.br\/se\/wp-content\/uploads\/2013\/02\/preso_3.jpg 500w\" sizes=\"(max-width: 300px) 100vw, 300px\" \/><\/a><p id=\"caption-attachment-44723\" class=\"wp-caption-text\">Paulo C\u00e9sar Santos Ferreira, 21 anos. (Foto: SSP\/SE)<\/p><\/div>\n<p style=\"text-align: justify;\">A Pol\u00edcia Civil da cidade de Indiaroba e a Companhia de Policiamento Rodovi\u00e1rio Estadual da Pol\u00edcia Militar (CPRv) agiram r\u00e1pido e prenderam Paulo C\u00e9sar Santos Ferreira, 21 anos, e apreenderam um adolescente de 16 anos acusados de um roubo de ve\u00edculo seguido de estupro. O crime aconteceu na \u00faltima sexta-feira, 15, no povoado Sete Brejos, em Indiaroba.<\/p>\n<p style=\"text-align: justify;\">Segundo o delegado Hugo Leonardo, um casal estacionou um ve\u00edculo GM Montana, cor branca, nas margens de um rio em uma localidade conhecida como Macaquinho que \u00e9 constantemente frequentada pela popula\u00e7\u00e3o para lazer, principalmente para a pr\u00e1tica de pesca e banho quando foram abordados pelo trio.<\/p>\n<p style=\"text-align: justify;\">As v\u00edtimas desceram do ve\u00edculo e quando estavam juntos a beira do rio foram surpreendidos pelos tr\u00eas criminosos que estavam encapuzados e anunciaram o assalto. &#8220;Todos estavam utilizando camisas em forma de capuz. Um estava armado com uma foice e outro com uma faca que foram furtados de uma propriedade. O terceiro simulou estar com um rev\u00f3lver&#8221;, destacou o delegado.<\/p>\n<div id=\"attachment_44486\" style=\"width: 310px\" class=\"wp-caption alignleft\"><a href=\"http:\/\/senoticias.com.br\/se\/wp-content\/uploads\/2013\/02\/img512004b9d9a5f.jpg\"><img loading=\"lazy\" decoding=\"async\" aria-describedby=\"caption-attachment-44486\" class=\"size-medium wp-image-44486\" title=\"Montana\" src=\"http:\/\/senoticias.com.br\/se\/wp-content\/uploads\/2013\/02\/img512004b9d9a5f-300x225.jpg\" alt=\"\" width=\"300\" height=\"225\" srcset=\"https:\/\/senoticias.com.br\/se\/wp-content\/uploads\/2013\/02\/img512004b9d9a5f-300x225.jpg 300w, https:\/\/senoticias.com.br\/se\/wp-content\/uploads\/2013\/02\/img512004b9d9a5f-342x256.jpg 342w, https:\/\/senoticias.com.br\/se\/wp-content\/uploads\/2013\/02\/img512004b9d9a5f-60x45.jpg 60w, https:\/\/senoticias.com.br\/se\/wp-content\/uploads\/2013\/02\/img512004b9d9a5f-150x113.jpg 150w, https:\/\/senoticias.com.br\/se\/wp-content\/uploads\/2013\/02\/img512004b9d9a5f-269x201.jpg 269w, https:\/\/senoticias.com.br\/se\/wp-content\/uploads\/2013\/02\/img512004b9d9a5f.jpg 800w\" sizes=\"(max-width: 300px) 100vw, 300px\" \/><\/a><p id=\"caption-attachment-44486\" class=\"wp-caption-text\">Ve\u00edculo GM Montana de placas NVM 2466\/SE. (Foto: CPRv\/SE)<\/p><\/div>\n<p style=\"text-align: justify;\">Ainda segundo Leonardo, os criminosos deitaram as v\u00edtimas no ch\u00e3o de terra e agrediram o homem. Rasgaram as roupas do casal e os tr\u00eas estupraram a mulher. &#8220;Ela reconheceu o adolescente apreendido como sendo um dos agressores, pois mesmo encapuzado, ficou evidente sua voz e complei\u00e7\u00e3o f\u00edsica. O reconhecimento ganhou credibilidade porque a v\u00edtima j\u00e1 manteve um relacionamento com o irm\u00e3o deste menor ao ponto de frequentar sua casa&#8221;, explicou Hugo.<\/p>\n<p style=\"text-align: justify;\">Outro fato que comprova a participa\u00e7\u00e3o do adolescente \u00e9 que foi informado que um popular viu o adolescente reconhecido dirigindo o ve\u00edculo roubado logo ap\u00f3s o crime. O carro foi recuperado no mesmo dia na rodovia que d\u00e1 acesso ao Povoado Pontal. Os criminosos haviam subtra\u00eddo uma carteira porta c\u00e9dulas, uma alian\u00e7a de ouro, um aparelho celular e o som que estava na mala do carro.<\/p>\n<p style=\"text-align: justify;\">Durante depoimento, tanto Paulo C\u00e9sar como o menor confessaram a pr\u00e1tica do roubo mas negaram o estupro. &#8220;Eles jogam a autoria do estupro um para o outro e para o terceiro indiv\u00edduo, tamb\u00e9m menor, que j\u00e1 foi identificado e estamos realizando dilig\u00eancias para apreend\u00ea-lo&#8221;, finalizou o delegado.<\/p>\n<p style=\"text-align: justify;\">O menor que falta ser apreendido \u00e9 suspeito de participa\u00e7\u00e3o no tr\u00e1fico de drogas e de ter cometido um homic\u00eddio na cidade de Umba\u00faba na semana passada.<\/p>\n<h4 style=\"text-align: justify;\">Leia tamb\u00e9m:\u00a0<strong><span style=\"font-family: Consolas, Monaco, monospace; font-size: 12px; line-height: 18px;\"><a href=\" http:\/\/senoticias.com.br\/se\/?p=44485\" target=\"_blank\">Pol\u00edcia recupera ve\u00edculo tomado de assalto em Indiaroba<\/a><\/span><\/strong><\/h4>\n<p style=\"text-align: justify;\"><em><strong>SSP\/SE<\/strong><\/em><\/p>\n","protected":false},"excerpt":{"rendered":"<p>&nbsp; A Pol\u00edcia Civil da cidade de Indiaroba e a Companhia de Policiamento Rodovi\u00e1rio Estadual da Pol\u00edcia Militar (CPRv) agiram r\u00e1pido e prenderam Paulo C\u00e9sar Santos Ferreira, 21 anos, e apreenderam um adolescente de 16 anos acusados de um roubo de ve\u00edculo seguido de estupro. O crime aconteceu na \u00faltima sexta-feira, 15, no povoado Sete [&hellip;]<\/p>\n","protected":false},"author":1,"featured_media":44723,"comment_status":"closed","ping_status":"closed","sticky":false,"template":"","format":"standard","meta":{"footnotes":""},"categories":[7],"tags":[],"class_list":{"0":"post-44722","1":"post","2":"type-post","3":"status-publish","4":"format-standard","5":"has-post-thumbnail","7":"category-policia"},"_links":{"self":[{"href":"https:\/\/senoticias.com.br\/se\/wp-json\/wp\/v2\/posts\/44722"}],"collection":[{"href":"https:\/\/senoticias.com.br\/se\/wp-json\/wp\/v2\/posts"}],"about":[{"href":"https:\/\/senoticias.com.br\/se\/wp-json\/wp\/v2\/types\/post"}],"author":[{"embeddable":true,"href":"https:\/\/senoticias.com.br\/se\/wp-json\/wp\/v2\/users\/1"}],"replies":[{"embeddable":true,"href":"https:\/\/senoticias.com.br\/se\/wp-json\/wp\/v2\/comments?post=44722"}],"version-history":[{"count":0,"href":"https:\/\/senoticias.com.br\/se\/wp-json\/wp\/v2\/posts\/44722\/revisions"}],"wp:featuredmedia":[{"embeddable":true,"href":"https:\/\/senoticias.com.br\/se\/wp-json\/wp\/v2\/media\/44723"}],"wp:attachment":[{"href":"https:\/\/senoticias.com.br\/se\/wp-json\/wp\/v2\/media?parent=44722"}],"wp:term":[{"taxonomy":"category","embeddable":true,"href":"https:\/\/senoticias.com.br\/se\/wp-json\/wp\/v2\/categories?post=44722"},{"taxonomy":"post_tag","embeddable":true,"href":"https:\/\/senoticias.com.br\/se\/wp-json\/wp\/v2\/tags?post=44722"}],"curies":[{"name":"wp","href":"https:\/\/api.w.org\/{rel}","templated":true}]}}