{"id":44716,"date":"2013-02-22T11:41:08","date_gmt":"2013-02-22T14:41:08","guid":{"rendered":"http:\/\/senoticias.com.br\/se\/?p=44716"},"modified":"2013-02-22T11:41:08","modified_gmt":"2013-02-22T14:41:08","slug":"proinveste-votacao-pode-ocorrer-somente-na-2%c2%aa-metade-de-marco","status":"publish","type":"post","link":"https:\/\/senoticias.com.br\/se\/proinveste-votacao-pode-ocorrer-somente-na-2%c2%aa-metade-de-marco\/","title":{"rendered":"Proinveste: Vota\u00e7\u00e3o pode ocorrer somente na 2\u00aa metade de mar\u00e7o"},"content":{"rendered":"<div id=\"attachment_44717\" style=\"width: 310px\" class=\"wp-caption alignleft\"><a href=\"http:\/\/senoticias.com.br\/se\/wp-content\/uploads\/2013\/02\/debate.jpg\"><img loading=\"lazy\" decoding=\"async\" aria-describedby=\"caption-attachment-44717\" class=\"size-medium wp-image-44717\" title=\"debate\" src=\"http:\/\/senoticias.com.br\/se\/wp-content\/uploads\/2013\/02\/debate-300x199.jpg\" alt=\"\" width=\"300\" height=\"199\" srcset=\"https:\/\/senoticias.com.br\/se\/wp-content\/uploads\/2013\/02\/debate-300x199.jpg 300w, https:\/\/senoticias.com.br\/se\/wp-content\/uploads\/2013\/02\/debate-342x227.jpg 342w, https:\/\/senoticias.com.br\/se\/wp-content\/uploads\/2013\/02\/debate.jpg 600w\" sizes=\"(max-width: 300px) 100vw, 300px\" \/><\/a><p id=\"caption-attachment-44717\" class=\"wp-caption-text\">A maioria informa que o projeto ser\u00e1 votado na primeira semana de mar\u00e7o (Foto: Maria Od\u00edlia\/Ag\u00eancia Alese)<\/p><\/div>\n<p style=\"text-align: justify;\">Boa parte da imprensa continua batendo cabe\u00e7a sobre a vota\u00e7\u00e3o do Proinveste na Assembleia Legislativa.<\/p>\n<p style=\"text-align: justify;\">A maioria informa que o projeto ser\u00e1 votado na primeira semana de mar\u00e7o.<\/p>\n<p style=\"text-align: justify;\">Alguns pontos a considerar no meio do caminho da vota\u00e7\u00e3o:<\/p>\n<p style=\"text-align: justify;\">\u00a0\u00a0\u00a0 1 &#8211; A proposta do governo ainda vai ser levada para a aprecia\u00e7\u00e3o de todos os deputados da oposi\u00e7\u00e3o pela presidente da Assembleia, Ang\u00e9lica Guimar\u00e3es (PSC) e pelo l\u00edder dos parlamentares, Ven\u00e2ncio Fonseca (PP).<\/p>\n<p style=\"text-align: justify;\">\u00a0 \u00a0 \u00a02 &#8211; Depois, a resposta do grupo ser\u00e1 levada ao conhecimento do governador Marcelo D\u00e9da.<\/p>\n<p style=\"text-align: justify;\">\u00a0 \u00a0 \u00a03 &#8211; Se a oposi\u00e7\u00e3o aprovar a proposta, o projeto ser\u00e1 apresentado pelo governador \u00e0 sua bancada.<\/p>\n<p style=\"text-align: justify;\">\u00a0 \u00a0 \u00a04 &#8211; S\u00f3 depois dessa reuni\u00e3o, o governo enviar\u00e1 o projeto para a Assembleia.<\/p>\n<p style=\"text-align: justify;\">\u00a0\u00a0\u00a0\u00a0 5 &#8211; A primeia aprecia\u00e7\u00e3o no Legislativo ser\u00e1 nas comiss\u00f5es. Se nenhum deputado pedir vista, a tramita\u00e7\u00e3o ser\u00e1 r\u00e1pida. Nunca \u00e9 demais lembrar que, em uma das comiss\u00f5es, o l\u00edder do governo, Gustinho Ribeiro (PSD), pediu vista de um projeto e passou cerca de 20 dias para devolv\u00ea-lo.<\/p>\n<p style=\"text-align: justify;\">\u00a0 \u00a0 \u00a06 &#8211; S\u00f3 depois das comiss\u00f5es \u00e9 que, regimentalmente, poder\u00e1 ser apreciado pelo plen\u00e1rio.<\/p>\n<p style=\"text-align: justify;\">Como fevereiro j\u00e1 caminha para sua \u00faltima semana, \u00e9 prov\u00e1vel que o Proinveste s\u00f3 seja votado na segunda metade do m\u00eas de mar\u00e7o.<\/p>\n<p style=\"text-align: justify;\">\n<p style=\"text-align: justify;\">\n<p style=\"text-align: justify;\"><strong>Fonte: Ne Not\u00edcias<\/strong><\/p>\n","protected":false},"excerpt":{"rendered":"<p>Boa parte da imprensa continua batendo cabe\u00e7a sobre a vota\u00e7\u00e3o do Proinveste na Assembleia Legislativa. A maioria informa que o projeto ser\u00e1 votado na primeira semana de mar\u00e7o. Alguns pontos a considerar no meio do caminho da vota\u00e7\u00e3o: \u00a0\u00a0\u00a0 1 &#8211; A proposta do governo ainda vai ser levada para a aprecia\u00e7\u00e3o de todos os [&hellip;]<\/p>\n","protected":false},"author":1,"featured_media":44717,"comment_status":"closed","ping_status":"closed","sticky":false,"template":"","format":"standard","meta":{"footnotes":""},"categories":[6],"tags":[],"class_list":{"0":"post-44716","1":"post","2":"type-post","3":"status-publish","4":"format-standard","5":"has-post-thumbnail","7":"category-politica"},"_links":{"self":[{"href":"https:\/\/senoticias.com.br\/se\/wp-json\/wp\/v2\/posts\/44716"}],"collection":[{"href":"https:\/\/senoticias.com.br\/se\/wp-json\/wp\/v2\/posts"}],"about":[{"href":"https:\/\/senoticias.com.br\/se\/wp-json\/wp\/v2\/types\/post"}],"author":[{"embeddable":true,"href":"https:\/\/senoticias.com.br\/se\/wp-json\/wp\/v2\/users\/1"}],"replies":[{"embeddable":true,"href":"https:\/\/senoticias.com.br\/se\/wp-json\/wp\/v2\/comments?post=44716"}],"version-history":[{"count":0,"href":"https:\/\/senoticias.com.br\/se\/wp-json\/wp\/v2\/posts\/44716\/revisions"}],"wp:featuredmedia":[{"embeddable":true,"href":"https:\/\/senoticias.com.br\/se\/wp-json\/wp\/v2\/media\/44717"}],"wp:attachment":[{"href":"https:\/\/senoticias.com.br\/se\/wp-json\/wp\/v2\/media?parent=44716"}],"wp:term":[{"taxonomy":"category","embeddable":true,"href":"https:\/\/senoticias.com.br\/se\/wp-json\/wp\/v2\/categories?post=44716"},{"taxonomy":"post_tag","embeddable":true,"href":"https:\/\/senoticias.com.br\/se\/wp-json\/wp\/v2\/tags?post=44716"}],"curies":[{"name":"wp","href":"https:\/\/api.w.org\/{rel}","templated":true}]}}