{"id":44714,"date":"2013-02-22T12:00:48","date_gmt":"2013-02-22T15:00:48","guid":{"rendered":"http:\/\/senoticias.com.br\/se\/?p=44714"},"modified":"2013-02-23T12:46:21","modified_gmt":"2013-02-23T15:46:21","slug":"operacao-da-ssp-prende-acusados-de-trafico-e-homicidio-em-boquim","status":"publish","type":"post","link":"https:\/\/senoticias.com.br\/se\/operacao-da-ssp-prende-acusados-de-trafico-e-homicidio-em-boquim\/","title":{"rendered":"Opera\u00e7\u00e3o da SSP prende acusados de tr\u00e1fico e homic\u00eddio em Boquim"},"content":{"rendered":"<p>&nbsp;<\/p>\n<p style=\"text-align: justify;\"><a href=\"http:\/\/senoticias.com.br\/se\/wp-content\/uploads\/2013\/02\/images-stories-NOVAS_FOTOS_NOTICIAS-Fevereiro_2013-22-boquim_ssp_allandecarvalho105-220x146.jpg\"><img loading=\"lazy\" decoding=\"async\" class=\"alignleft size-full wp-image-44719\" title=\"\" src=\"http:\/\/senoticias.com.br\/se\/wp-content\/uploads\/2013\/02\/images-stories-NOVAS_FOTOS_NOTICIAS-Fevereiro_2013-22-boquim_ssp_allandecarvalho105-220x146.jpg\" alt=\"\" width=\"220\" height=\"146\" \/><\/a>Desde as primeiras horas da manh\u00e3 desta sexta-feira, 22, a Secretaria de Estado da Seguran\u00e7a P\u00fablica (SSP) realiza uma opera\u00e7\u00e3o contra tr\u00e1fico de drogas, roubo \u00e0 m\u00e3o armada e homic\u00eddio em Boquim, munic\u00edpio distante 100 km de Aracaju.<\/p>\n<p style=\"text-align: justify;\">Equipes da Pol\u00edcia Civil e da Pol\u00edcia Militar cumpriram mandados de pris\u00e3o e de busca e apreens\u00e3o em diversos pontos da cidade. At\u00e9 \u00e0s 9h desta sexta, pelo menos dez pessoas envolvidas com os crimes de tr\u00e1fico de drogas e homic\u00eddios foram presas.<\/p>\n<p style=\"text-align: justify;\">Entre os acusados, h\u00e1 ex-presidi\u00e1rios e foragidos. Alguns s\u00e3o conhecidos na regi\u00e3o pela viol\u00eancia em a\u00e7\u00f5es criminosas. Os principais alvos da pol\u00edcia foram Jos\u00e9 Augusto dos Santos, mais conhecido como Frakstein; e Wesley Vin\u00edcius dos Santos, o Quebra Galho. Todos foram surpreendidos com a a\u00e7\u00e3o r\u00e1pida das abordagens e n\u00e3o reagiram \u00e0 pris\u00e3o.<\/p>\n<p style=\"text-align: justify;\">Al\u00e9m dos custodiados, tamb\u00e9m foram localizados entorpecentes, dinheiro e muni\u00e7\u00f5es. Todo o material est\u00e1 sendo levado \u00e0 delegacia local da PC, que iniciou as investiga\u00e7\u00f5es. A pol\u00edcia apreendeu maconha prensada, crack, dinheiro oriundo do com\u00e9rcio de drogas e uma escopeta.<\/p>\n<p style=\"text-align: justify;\">Apoiaram a opera\u00e7\u00e3o equipes ligadas \u00e0 Coordenadoria da Pol\u00edcia Civil do Interior (Copci), Departamento de Narc\u00f3ticos (Denarc), Batalh\u00e3o de Policiamento de Choque (BPChq) e Grupamento de A\u00e7\u00f5es T\u00e1ticas do Interior (Gati).<\/p>\n<p style=\"text-align: justify;\">SSP\/SE<\/p>\n","protected":false},"excerpt":{"rendered":"<p>&nbsp; Desde as primeiras horas da manh\u00e3 desta sexta-feira, 22, a Secretaria de Estado da Seguran\u00e7a P\u00fablica (SSP) realiza uma opera\u00e7\u00e3o contra tr\u00e1fico de drogas, roubo \u00e0 m\u00e3o armada e homic\u00eddio em Boquim, munic\u00edpio distante 100 km de Aracaju. Equipes da Pol\u00edcia Civil e da Pol\u00edcia Militar cumpriram mandados de pris\u00e3o e de busca e [&hellip;]<\/p>\n","protected":false},"author":1,"featured_media":44719,"comment_status":"closed","ping_status":"closed","sticky":false,"template":"","format":"standard","meta":{"footnotes":""},"categories":[7],"tags":[],"class_list":{"0":"post-44714","1":"post","2":"type-post","3":"status-publish","4":"format-standard","5":"has-post-thumbnail","7":"category-policia"},"_links":{"self":[{"href":"https:\/\/senoticias.com.br\/se\/wp-json\/wp\/v2\/posts\/44714"}],"collection":[{"href":"https:\/\/senoticias.com.br\/se\/wp-json\/wp\/v2\/posts"}],"about":[{"href":"https:\/\/senoticias.com.br\/se\/wp-json\/wp\/v2\/types\/post"}],"author":[{"embeddable":true,"href":"https:\/\/senoticias.com.br\/se\/wp-json\/wp\/v2\/users\/1"}],"replies":[{"embeddable":true,"href":"https:\/\/senoticias.com.br\/se\/wp-json\/wp\/v2\/comments?post=44714"}],"version-history":[{"count":0,"href":"https:\/\/senoticias.com.br\/se\/wp-json\/wp\/v2\/posts\/44714\/revisions"}],"wp:featuredmedia":[{"embeddable":true,"href":"https:\/\/senoticias.com.br\/se\/wp-json\/wp\/v2\/media\/44719"}],"wp:attachment":[{"href":"https:\/\/senoticias.com.br\/se\/wp-json\/wp\/v2\/media?parent=44714"}],"wp:term":[{"taxonomy":"category","embeddable":true,"href":"https:\/\/senoticias.com.br\/se\/wp-json\/wp\/v2\/categories?post=44714"},{"taxonomy":"post_tag","embeddable":true,"href":"https:\/\/senoticias.com.br\/se\/wp-json\/wp\/v2\/tags?post=44714"}],"curies":[{"name":"wp","href":"https:\/\/api.w.org\/{rel}","templated":true}]}}