{"id":44712,"date":"2013-02-22T10:54:50","date_gmt":"2013-02-22T13:54:50","guid":{"rendered":"http:\/\/senoticias.com.br\/se\/?p=44712"},"modified":"2013-02-22T10:54:59","modified_gmt":"2013-02-22T13:54:59","slug":"camara-acelera-tramitacao-de-politica-antidrogas","status":"publish","type":"post","link":"https:\/\/senoticias.com.br\/se\/camara-acelera-tramitacao-de-politica-antidrogas\/","title":{"rendered":"C\u00e2mara acelera tramita\u00e7\u00e3o de pol\u00edtica antidrogas"},"content":{"rendered":"<div id=\"attachment_44713\" style=\"width: 290px\" class=\"wp-caption alignleft\"><a href=\"http:\/\/senoticias.com.br\/se\/wp-content\/uploads\/2013\/02\/OsmarTerraGustavoLimaAgenciaCamara.jpg\"><img loading=\"lazy\" decoding=\"async\" aria-describedby=\"caption-attachment-44713\" class=\"size-full wp-image-44713\" title=\"OsmarTerraGustavoLimaAgenciaCamara\" src=\"http:\/\/senoticias.com.br\/se\/wp-content\/uploads\/2013\/02\/OsmarTerraGustavoLimaAgenciaCamara.jpg\" alt=\"\" width=\"280\" height=\"290\" \/><\/a><p id=\"caption-attachment-44713\" class=\"wp-caption-text\">Parlamentares contr\u00e1rios \u00e0 proposta ainda n\u00e3o se articularam para derrub\u00e1-la, diz Osmar Terra (Foto: Gustavo Lima\/Ag\u00eancia C\u00e2mara)<\/p><\/div>\n<p style=\"text-align: justify;\">A vota\u00e7\u00e3o em plen\u00e1rio do projeto que aumenta a pena para traficantes de drogas e permite a interna\u00e7\u00e3o de compuls\u00f3ria de viciados deve acontecer no pr\u00f3ximo m\u00eas. Ap\u00f3s conversar com os l\u00edderes e conseguir o n\u00famero de assinaturas necess\u00e1rias para abreviar a tramita\u00e7\u00e3o da proposta, deputados envolvidos na quest\u00e3o\u00a0foram adiante: conseguiram ades\u00e3o suficiente para o pedido de urg\u00eancia urgent\u00edssima para a proposta.<\/p>\n<p style=\"text-align: justify;\">De acordo com o autor da proposta na Comiss\u00e3o Especial do Sistema Nacional de Pol\u00edticas sobre Drogas, deputado Osmar Terra (PMDB-RS), a mat\u00e9ria deve ser aprovada j\u00e1 no in\u00edcio mar\u00e7o, em car\u00e1ter de \u201curg\u00eancia m\u00e1xima\u201d. Para que o projeto tramite com esse n\u00edvel de prioridade no plen\u00e1rio, \u00a0\u00e9 necess\u00e1rio o apoio de pelo menos 171 deputados. O peemedebista acredita que a nova composi\u00e7\u00e3o da Mesa Diretora pode favorecer a discuss\u00e3o.<\/p>\n<p style=\"text-align: justify;\">O texto, aprovado em dezembro passado em comiss\u00e3o especial, permite que o usu\u00e1rio seja internado involuntariamente por at\u00e9 seis meses, aumentando-se a penalidade para traficantes. Com o carimbo de \u201curg\u00eancia urgent\u00edssima\u201d, a proposta tem prioridade sobre boa parte das outras mat\u00e9rias. S\u00f3 n\u00e3o pode ser votada na frente de medidas provis\u00f3rias. No entanto, mesmo assim \u00e9 necess\u00e1ria a articula\u00e7\u00e3o com os membros da Mesa Diretora e l\u00edderes partid\u00e1rios.<\/p>\n<p style=\"text-align: justify;\">\u201cA nova composi\u00e7\u00e3o da Mesa da C\u00e2mara n\u00e3o ir\u00e1 atrapalhar a aprecia\u00e7\u00e3o do projeto porque a maioria \u00e9 favor\u00e1vel a ele. Calculo que 70% dos deputados votem a favor da proposta\u201d, estimou Osmar Terra em entrevista ao Congresso em Foco. Ele adiantou que, quando o requerimento de urg\u00eancia chegar \u00e0 Mesa da C\u00e2mara, vai sentar para conversar com o presidente da Casa, Henrique Eduardo Alves (PMDB-RN), e refor\u00e7ar a articula\u00e7\u00e3o para o projeto entrar em pauta.<\/p>\n<p style=\"text-align: justify;\">O peemedebista garante que o presidente da C\u00e2mara \u00e9 favor\u00e1vel ao texto. O deputado acredita que a proposta ser\u00e1 votada rapidamente na C\u00e2mara e no Senado porque \u201ctrata de um tema urgente e important\u00edssimo\u201d. Segundo Osmar, uma vantagem para a aprova\u00e7\u00e3o do projeto, que enfrenta resist\u00eancias de parlamentares e estudiosos no assunto, \u00e9 que os deputados contr\u00e1rios \u00e0s mudan\u00e7as da pol\u00edtica antidrogas\u00a0ainda n\u00e3o se articularam.<\/p>\n<p style=\"text-align: justify;\"><strong>Interna\u00e7\u00e3o compuls\u00f3ria<\/strong><\/p>\n<p style=\"text-align: justify;\">O deputado quer\u00a0aproveitar a\u00a0discuss\u00e3o causada pela parceria do governo de S\u00e3o Paulo com o Poder Judici\u00e1rio para acelerar os processos de interna\u00e7\u00e3o involunt\u00e1ria ou compuls\u00f3ria de dependentes qu\u00edmicos. A medida tem como foco pessoas em estado de drogadi\u00e7\u00e3o avan\u00e7ado, especialmente as que possuem doen\u00e7as reflexas. E, de acordo com o governo paulista, s\u00f3 ser\u00e1 usada em \u00faltimo caso.<\/p>\n<p style=\"text-align: justify;\">O projeto de Osmar Terra\u00a0n\u00e3o revoga a legisla\u00e7\u00e3o atual, mas acrescenta 33 novos dispositivos \u00e0 Lei de Drogas (Lei 11.343\/06), que instituiu o Sistema Nacional de Pol\u00edticas sobre Drogas (Sisnad), e \u00e0 Lei 10.261\/01, que trata da prote\u00e7\u00e3o e dos direitos de pessoas portadoras de transtornos mentais. A proposta, com o esp\u00edrito das pol\u00edticas de \u201cguerra contra as drogas\u201d, segue o caminho oposto de abordagens alternativas para a quest\u00e3o, adotadas com sucesso em pa\u00edses como Portugal e Espanha.<\/p>\n<p style=\"text-align: justify;\">No entanto, para especialistas, a proposta \u00e9 retr\u00f3grada e repete iniciativas j\u00e1 fracassadas em outros pa\u00edses, inclusive no Brasil. Eles apontam que a quest\u00e3o deve ser tratada como problema de sa\u00fade p\u00fablica e n\u00e3o de seguran\u00e7a. Tamb\u00e9m entendem que pol\u00edticas repressivas empurram os usu\u00e1rios para drogas mais fortes. A solu\u00e7\u00e3o, acreditam, passa por investir na preven\u00e7\u00e3o e tratamento.<\/p>\n<p style=\"text-align: justify;\"><strong>Fonte: Congresso em Foco<\/strong><\/p>\n","protected":false},"excerpt":{"rendered":"<p>A vota\u00e7\u00e3o em plen\u00e1rio do projeto que aumenta a pena para traficantes de drogas e permite a interna\u00e7\u00e3o de compuls\u00f3ria de viciados deve acontecer no pr\u00f3ximo m\u00eas. Ap\u00f3s conversar com os l\u00edderes e conseguir o n\u00famero de assinaturas necess\u00e1rias para abreviar a tramita\u00e7\u00e3o da proposta, deputados envolvidos na quest\u00e3o\u00a0foram adiante: conseguiram ades\u00e3o suficiente para o [&hellip;]<\/p>\n","protected":false},"author":1,"featured_media":44713,"comment_status":"closed","ping_status":"closed","sticky":false,"template":"","format":"standard","meta":{"footnotes":""},"categories":[6],"tags":[],"class_list":{"0":"post-44712","1":"post","2":"type-post","3":"status-publish","4":"format-standard","5":"has-post-thumbnail","7":"category-politica"},"_links":{"self":[{"href":"https:\/\/senoticias.com.br\/se\/wp-json\/wp\/v2\/posts\/44712"}],"collection":[{"href":"https:\/\/senoticias.com.br\/se\/wp-json\/wp\/v2\/posts"}],"about":[{"href":"https:\/\/senoticias.com.br\/se\/wp-json\/wp\/v2\/types\/post"}],"author":[{"embeddable":true,"href":"https:\/\/senoticias.com.br\/se\/wp-json\/wp\/v2\/users\/1"}],"replies":[{"embeddable":true,"href":"https:\/\/senoticias.com.br\/se\/wp-json\/wp\/v2\/comments?post=44712"}],"version-history":[{"count":0,"href":"https:\/\/senoticias.com.br\/se\/wp-json\/wp\/v2\/posts\/44712\/revisions"}],"wp:featuredmedia":[{"embeddable":true,"href":"https:\/\/senoticias.com.br\/se\/wp-json\/wp\/v2\/media\/44713"}],"wp:attachment":[{"href":"https:\/\/senoticias.com.br\/se\/wp-json\/wp\/v2\/media?parent=44712"}],"wp:term":[{"taxonomy":"category","embeddable":true,"href":"https:\/\/senoticias.com.br\/se\/wp-json\/wp\/v2\/categories?post=44712"},{"taxonomy":"post_tag","embeddable":true,"href":"https:\/\/senoticias.com.br\/se\/wp-json\/wp\/v2\/tags?post=44712"}],"curies":[{"name":"wp","href":"https:\/\/api.w.org\/{rel}","templated":true}]}}