{"id":44706,"date":"2013-02-22T09:59:10","date_gmt":"2013-02-22T12:59:10","guid":{"rendered":"http:\/\/senoticias.com.br\/se\/?p=44706"},"modified":"2013-02-22T10:00:01","modified_gmt":"2013-02-22T13:00:01","slug":"preso-homem-acusado-de-estupro-em-indiaroba","status":"publish","type":"post","link":"https:\/\/senoticias.com.br\/se\/preso-homem-acusado-de-estupro-em-indiaroba\/","title":{"rendered":"Preso homem acusado de estupro em Indiaroba"},"content":{"rendered":"<div id=\"attachment_44707\" style=\"width: 310px\" class=\"wp-caption alignleft\"><a href=\"http:\/\/senoticias.com.br\/se\/wp-content\/uploads\/2013\/02\/pt_original_00021446.jpg\"><img loading=\"lazy\" decoding=\"async\" aria-describedby=\"caption-attachment-44707\" class=\"size-medium wp-image-44707\" title=\"pt_original_00021446\" src=\"http:\/\/senoticias.com.br\/se\/wp-content\/uploads\/2013\/02\/pt_original_00021446-300x225.jpg\" alt=\"\" width=\"300\" height=\"225\" srcset=\"https:\/\/senoticias.com.br\/se\/wp-content\/uploads\/2013\/02\/pt_original_00021446-300x225.jpg 300w, https:\/\/senoticias.com.br\/se\/wp-content\/uploads\/2013\/02\/pt_original_00021446-342x256.jpg 342w, https:\/\/senoticias.com.br\/se\/wp-content\/uploads\/2013\/02\/pt_original_00021446-60x45.jpg 60w, https:\/\/senoticias.com.br\/se\/wp-content\/uploads\/2013\/02\/pt_original_00021446-150x113.jpg 150w, https:\/\/senoticias.com.br\/se\/wp-content\/uploads\/2013\/02\/pt_original_00021446-269x201.jpg 269w, https:\/\/senoticias.com.br\/se\/wp-content\/uploads\/2013\/02\/pt_original_00021446.jpg 800w\" sizes=\"(max-width: 300px) 100vw, 300px\" \/><\/a><p id=\"caption-attachment-44707\" class=\"wp-caption-text\">O crime aconteceu na \u00faltima sexta-feira, 15, no povoado Sete Brejos, em Indiaroba (Foto:Reprodu\u00e7\u00e3o)<\/p><\/div>\n<p style=\"text-align: justify;\">A Pol\u00edcia Civil da cidade de Indiaroba, coordenada pelo delegado Hugo Leonardo, agiu r\u00e1pido e chegou \u00e0 pris\u00e3o de Paulo C\u00e9sar Santos Ferreira, 21 anos, e \u00e0 apreens\u00e3o de um adolescente de 16 anos, acusados de um roubo de ve\u00edculo seguido de um estupro.<\/p>\n<p style=\"text-align: justify;\">O crime aconteceu na \u00faltima sexta-feira, 15, no povoado Sete Brejos, em Indiaroba. Na manh\u00e3 desta sexta-feira, 22, o delegado Hugo ir\u00e1 detalhar as investiga\u00e7\u00f5es, a pris\u00e3o de Paulo C\u00e9sar e a apreens\u00e3o do jovem envolvido. A pol\u00edcia ainda busca um outro menor que tamb\u00e9m participou do crime.<\/p>\n<p style=\"text-align: justify;\">\n<p style=\"text-align: justify;\">\n<p style=\"text-align: justify;\">\n<p style=\"text-align: justify;\">\n<p style=\"text-align: justify;\">Da SSP\/SE<\/p>\n","protected":false},"excerpt":{"rendered":"<p>A Pol\u00edcia Civil da cidade de Indiaroba, coordenada pelo delegado Hugo Leonardo, agiu r\u00e1pido e chegou \u00e0 pris\u00e3o de Paulo C\u00e9sar Santos Ferreira, 21 anos, e \u00e0 apreens\u00e3o de um adolescente de 16 anos, acusados de um roubo de ve\u00edculo seguido de um estupro. O crime aconteceu na \u00faltima sexta-feira, 15, no povoado Sete Brejos, [&hellip;]<\/p>\n","protected":false},"author":1,"featured_media":44707,"comment_status":"closed","ping_status":"closed","sticky":false,"template":"","format":"standard","meta":{"footnotes":""},"categories":[7],"tags":[],"class_list":{"0":"post-44706","1":"post","2":"type-post","3":"status-publish","4":"format-standard","5":"has-post-thumbnail","7":"category-policia"},"_links":{"self":[{"href":"https:\/\/senoticias.com.br\/se\/wp-json\/wp\/v2\/posts\/44706"}],"collection":[{"href":"https:\/\/senoticias.com.br\/se\/wp-json\/wp\/v2\/posts"}],"about":[{"href":"https:\/\/senoticias.com.br\/se\/wp-json\/wp\/v2\/types\/post"}],"author":[{"embeddable":true,"href":"https:\/\/senoticias.com.br\/se\/wp-json\/wp\/v2\/users\/1"}],"replies":[{"embeddable":true,"href":"https:\/\/senoticias.com.br\/se\/wp-json\/wp\/v2\/comments?post=44706"}],"version-history":[{"count":0,"href":"https:\/\/senoticias.com.br\/se\/wp-json\/wp\/v2\/posts\/44706\/revisions"}],"wp:featuredmedia":[{"embeddable":true,"href":"https:\/\/senoticias.com.br\/se\/wp-json\/wp\/v2\/media\/44707"}],"wp:attachment":[{"href":"https:\/\/senoticias.com.br\/se\/wp-json\/wp\/v2\/media?parent=44706"}],"wp:term":[{"taxonomy":"category","embeddable":true,"href":"https:\/\/senoticias.com.br\/se\/wp-json\/wp\/v2\/categories?post=44706"},{"taxonomy":"post_tag","embeddable":true,"href":"https:\/\/senoticias.com.br\/se\/wp-json\/wp\/v2\/tags?post=44706"}],"curies":[{"name":"wp","href":"https:\/\/api.w.org\/{rel}","templated":true}]}}