{"id":44705,"date":"2013-02-22T09:59:55","date_gmt":"2013-02-22T12:59:55","guid":{"rendered":"http:\/\/senoticias.com.br\/se\/?p=44705"},"modified":"2013-05-18T12:53:23","modified_gmt":"2013-05-18T15:53:23","slug":"professora-e-agredida-na-camara-de-vereadores-de-sao-cristovao","status":"publish","type":"post","link":"https:\/\/senoticias.com.br\/se\/professora-e-agredida-na-camara-de-vereadores-de-sao-cristovao\/","title":{"rendered":"Professora \u00e9 agredida na C\u00e2mara de Vereadores de S\u00e3o Crist\u00f3v\u00e3o"},"content":{"rendered":"<p>&nbsp;<\/p>\n<div id=\"attachment_44710\" style=\"width: 602px\" class=\"wp-caption aligncenter\"><a href=\"http:\/\/senoticias.com.br\/se\/wp-content\/uploads\/2013\/02\/DSC_0686.jpg\"><img loading=\"lazy\" decoding=\"async\" aria-describedby=\"caption-attachment-44710\" class=\"size-full wp-image-44710\" title=\"DSC_0686\" src=\"http:\/\/senoticias.com.br\/se\/wp-content\/uploads\/2013\/02\/DSC_0686.jpg\" alt=\"\" width=\"592\" height=\"392\" srcset=\"https:\/\/senoticias.com.br\/se\/wp-content\/uploads\/2013\/02\/DSC_0686.jpg 592w, https:\/\/senoticias.com.br\/se\/wp-content\/uploads\/2013\/02\/DSC_0686-300x198.jpg 300w, https:\/\/senoticias.com.br\/se\/wp-content\/uploads\/2013\/02\/DSC_0686-342x226.jpg 342w\" sizes=\"(max-width: 592px) 100vw, 592px\" \/><\/a><p id=\"caption-attachment-44710\" class=\"wp-caption-text\">Professora Vera Farias, prestou queixa na Delegacia plantonista em Aracaju. (Foto: SE Not\u00edcias.)<\/p><\/div>\n<p style=\"text-align: justify;\">Discuss\u00e3o, bate boca e viol\u00eancia f\u00edsica na sess\u00e3o da C\u00e2mara de S\u00e3o Crist\u00f3v\u00e3o, na noite desta quinta-feira (21), logo ap\u00f3s os vereadores apreciarem um projeto de lei, de autoria do executivo, que transforma em lei o decreto da prefeita Rivanda Farias, que corta drasticamente o sal\u00e1rio do magist\u00e9rio. Pelo projeto os educadores passam a receber somente o vencimento inicial. Reg\u00eancia de Classe, Titula\u00e7\u00e3o, Tri\u00eanios todos esses direitos fora retirados da remunera\u00e7\u00e3o do magist\u00e9rio.<\/p>\n<div id=\"attachment_44711\" style=\"width: 310px\" class=\"wp-caption alignleft\"><a href=\"http:\/\/senoticias.com.br\/se\/wp-content\/uploads\/2013\/02\/DSC_0682.jpg\"><img loading=\"lazy\" decoding=\"async\" aria-describedby=\"caption-attachment-44711\" class=\"size-medium wp-image-44711\" title=\"DSC_0682\" src=\"http:\/\/senoticias.com.br\/se\/wp-content\/uploads\/2013\/02\/DSC_0682-300x198.jpg\" alt=\"\" width=\"300\" height=\"198\" srcset=\"https:\/\/senoticias.com.br\/se\/wp-content\/uploads\/2013\/02\/DSC_0682-300x198.jpg 300w, https:\/\/senoticias.com.br\/se\/wp-content\/uploads\/2013\/02\/DSC_0682-342x226.jpg 342w, https:\/\/senoticias.com.br\/se\/wp-content\/uploads\/2013\/02\/DSC_0682.jpg 592w\" sizes=\"(max-width: 300px) 100vw, 300px\" \/><\/a><p id=\"caption-attachment-44711\" class=\"wp-caption-text\">Bate boca e viol\u00eancia f\u00edsica na sess\u00e3o da C\u00e2mara de S\u00e3o Crist\u00f3v\u00e3o. (Foto: SE Not\u00edcias)<\/p><\/div>\n<p style=\"text-align: justify;\">Revoltados com a aprova\u00e7\u00e3o do projeto, os professores criticaram os vereadores que votaram a favor da proposta. A prefeita Rivanda Farias tamb\u00e9m foi bastante criticada pelos educadores, que a classificaram de traidora da educa\u00e7\u00e3o.<\/p>\n<p style=\"text-align: justify;\">Em meio a muita discuss\u00e3o, o ex-vereador Israel Sarmento, que acompanhava a vota\u00e7\u00e3o, teria, segundo alguns professores, agredido fisicamente a professora Vera Reis. A educadora teria recebido um tapa no rosto do ex-vereador que tamb\u00e9m \u00e9 policial civil.<\/p>\n<p style=\"text-align: justify;\">A professora Vera Reis foi conduzida pela deputada Ana L\u00facia e por dirigentes do Sindicato dos Professores da Rede P\u00fablica de Ensino (Sintese) para a delegacia plantonista, em Aracaju, para prestar queixa.<\/p>\n<p style=\"text-align: justify;\">De acordo com o professor Erineto, o ex-vereador ser\u00e1 representado pela deputada Ana L\u00facia e pelo Sintese na Corregedoria Geral de Pol\u00edcia, nesta sexta-feira. Ainda segundo Erineto, outra professora tamb\u00e9m foi agredida e passou mau, tendo que ser acompanhada por profissionais de sa\u00fade.<\/p>\n<p style=\"text-align: justify;\">\u201cN\u00f3s estamos neste momento na Delegacia Plantonista, em Aracaju, prestando queixa. Amanh\u00e3, eu, Ana L\u00facia e outros dirigentes do Sintese vamos at\u00e9 a Corregedoria de Pol\u00edcia representar Israel Sarmento pelas agress\u00f5es praticadas, pelo tapa na cara que ele deu nas professoras\u201d, disse Erineto.<\/p>\n<p style=\"text-align: justify;\"><strong>Vereadores que votaram contra os professores:<\/strong><\/p>\n<p style=\"text-align: justify;\">O projeto foi aprovado pela bancada que d\u00e1 sustenta\u00e7\u00e3o a Prefeita Rivanda Farias (PSB). Votaram contra os professores <strong>Gilson Eletricista<\/strong> (PRB), <strong>Regi do Rosa Maria<\/strong> (PSDB), <strong>Michael Almeida<\/strong> (PT do B),<strong> Irm\u00e3o Gibso<\/strong>n (PSC), <strong>Jorge Lisboa<\/strong> (PDT), <strong>Dad\u00e1<\/strong> (PRB), <strong>Diego Prado<\/strong> (PRB), <strong>Gedalva Umbaub\u00e1<\/strong> (PTC) e <strong>Tony da Academia<\/strong> (PSC).<\/p>\n<p><strong>Vereadores que votaram a favor dos professores:<\/strong><\/p>\n<p style=\"text-align: justify;\">Dos 15 vereadores, somente <strong>Vanderlan Correia<\/strong> (PMDB), <strong>Cl\u00e1udio Chagas<\/strong> (PMDB), <strong>Geverton<\/strong> (PSD) e <strong>Paulo J\u00fanior<\/strong> (PSL) votaram \u00a0a favor dos professores. O presidente Jos\u00e9 Evaldo (PSB) n\u00e3o votou por ser o presidente e Morgan Prado (PDT) estava ausente.<\/p>\n<h4 style=\"text-align: justify;\"><span style=\"color: #333333;\">A Reda\u00e7\u00e3o \u00a0tentou ouvir o ex-vereador Israel Sarmento, mas at\u00e9 o fechamento desta mat\u00e9ria n\u00e3o conseguiu localiz\u00e1-lo.<\/span><\/h4>\n<p><span style=\"font-family: Consolas, Monaco, monospace; font-size: 12px; line-height: 18px; color: #ff0000;\">Os professores far\u00e3o ato p\u00fablico neste s\u00e1bado, 23, com concentra\u00e7\u00e3o \u00e0s 13h na pra\u00e7a da matriz.<\/span><\/p>\n<p style=\"text-align: justify;\"><a href=\" http:\/\/cajunews.com.br\/exclusivo-ex-vereador-bate-em-professoras-e-e-denunciado-na-policia-por-agressao\/\" target=\"_blank\"><strong>Por Paulo Sousa, da Reda\u00e7\u00e3o\/Caju News<\/strong><\/a><\/p>\n","protected":false},"excerpt":{"rendered":"<p>&nbsp; Discuss\u00e3o, bate boca e viol\u00eancia f\u00edsica na sess\u00e3o da C\u00e2mara de S\u00e3o Crist\u00f3v\u00e3o, na noite desta quinta-feira (21), logo ap\u00f3s os vereadores apreciarem um projeto de lei, de autoria do executivo, que transforma em lei o decreto da prefeita Rivanda Farias, que corta drasticamente o sal\u00e1rio do magist\u00e9rio. Pelo projeto os educadores passam a [&hellip;]<\/p>\n","protected":false},"author":1,"featured_media":44710,"comment_status":"closed","ping_status":"closed","sticky":false,"template":"","format":"standard","meta":{"footnotes":""},"categories":[44,26,38,6,3],"tags":[],"class_list":{"0":"post-44705","1":"post","2":"type-post","3":"status-publish","4":"format-standard","5":"has-post-thumbnail","7":"category-educacao","8":"category-esportes","9":"category-municipios","10":"category-politica","11":"category-saocristovao"},"_links":{"self":[{"href":"https:\/\/senoticias.com.br\/se\/wp-json\/wp\/v2\/posts\/44705"}],"collection":[{"href":"https:\/\/senoticias.com.br\/se\/wp-json\/wp\/v2\/posts"}],"about":[{"href":"https:\/\/senoticias.com.br\/se\/wp-json\/wp\/v2\/types\/post"}],"author":[{"embeddable":true,"href":"https:\/\/senoticias.com.br\/se\/wp-json\/wp\/v2\/users\/1"}],"replies":[{"embeddable":true,"href":"https:\/\/senoticias.com.br\/se\/wp-json\/wp\/v2\/comments?post=44705"}],"version-history":[{"count":0,"href":"https:\/\/senoticias.com.br\/se\/wp-json\/wp\/v2\/posts\/44705\/revisions"}],"wp:featuredmedia":[{"embeddable":true,"href":"https:\/\/senoticias.com.br\/se\/wp-json\/wp\/v2\/media\/44710"}],"wp:attachment":[{"href":"https:\/\/senoticias.com.br\/se\/wp-json\/wp\/v2\/media?parent=44705"}],"wp:term":[{"taxonomy":"category","embeddable":true,"href":"https:\/\/senoticias.com.br\/se\/wp-json\/wp\/v2\/categories?post=44705"},{"taxonomy":"post_tag","embeddable":true,"href":"https:\/\/senoticias.com.br\/se\/wp-json\/wp\/v2\/tags?post=44705"}],"curies":[{"name":"wp","href":"https:\/\/api.w.org\/{rel}","templated":true}]}}