{"id":44699,"date":"2013-02-21T17:08:44","date_gmt":"2013-02-21T20:08:44","guid":{"rendered":"http:\/\/senoticias.com.br\/se\/?p=44699"},"modified":"2013-02-21T17:08:44","modified_gmt":"2013-02-21T20:08:44","slug":"policia-civil-prende-homem-que-matou-cunhado-ao-defender-irma-gestante","status":"publish","type":"post","link":"https:\/\/senoticias.com.br\/se\/policia-civil-prende-homem-que-matou-cunhado-ao-defender-irma-gestante\/","title":{"rendered":"Pol\u00edcia Civil prende homem que matou cunhado ao defender irm\u00e3 gestante"},"content":{"rendered":"<p>&nbsp;<\/p>\n<div id=\"attachment_44702\" style=\"width: 310px\" class=\"wp-caption alignleft\"><a href=\"http:\/\/senoticias.com.br\/se\/wp-content\/uploads\/2013\/02\/SSp.jpg\"><img loading=\"lazy\" decoding=\"async\" aria-describedby=\"caption-attachment-44702\" class=\"size-medium wp-image-44702\" title=\"SSp\" src=\"http:\/\/senoticias.com.br\/se\/wp-content\/uploads\/2013\/02\/SSp-300x169.jpg\" alt=\"\" width=\"300\" height=\"169\" srcset=\"https:\/\/senoticias.com.br\/se\/wp-content\/uploads\/2013\/02\/SSp-300x169.jpg 300w, https:\/\/senoticias.com.br\/se\/wp-content\/uploads\/2013\/02\/SSp-342x192.jpg 342w, https:\/\/senoticias.com.br\/se\/wp-content\/uploads\/2013\/02\/SSp.jpg 500w\" sizes=\"(max-width: 300px) 100vw, 300px\" \/><\/a><p id=\"caption-attachment-44702\" class=\"wp-caption-text\">S\u00edlvio Marques dos Santos, mais conhecido como Cabe\u00e7a, 23 anos. (Foto: SSP\/SE)<\/p><\/div>\n<p style=\"text-align: justify;\">O delegado M\u00e1rio Leony, da quarta Divis\u00e3o do Departamento de Homic\u00eddios e Prote\u00e7\u00e3o \u00e0 Pessoa (DHPP), detalhou na manh\u00e3 desta quinta-feira (21) as investiga\u00e7\u00f5es da pol\u00edcia para prender S\u00edlvio Marques dos Santos, mais conhecido como Cabe\u00e7a, 23 anos. Ele matou o pr\u00f3prio cunhado, Ant\u00f4nio Carlos Lino Costa Filho, 26 anos. O crime foi cometido por volta das 18h30 do dia 27 de janeiro deste ano, no Conjunto Marcos Freire III, em Nossa Senhora do Socorro.<\/p>\n<p style=\"text-align: justify;\">O crime foi praticado quando a v\u00edtima buscou defender a irm\u00e3, que inclusive est\u00e1 gestante, das agress\u00f5es do companheiro. Neste momento, ele acabou atingido nas costas por uma facada desferida pelo agressor. Ant\u00f4nio morreu no local. O delegado representou pela pris\u00e3o preventiva do indiciado, que estava foragido, decretada pelo juiz da 2\u00aa Vara Criminal de Socorro e cumprida na manh\u00e3 de hoje.<\/p>\n<p style=\"text-align: justify;\">Segundo o delegado M\u00e1rio Leony, respons\u00e1vel pelas investiga\u00e7\u00f5es, ficou claro o comportamento violento do agressor. Em outra oportunidade, a companheira registrou ocorr\u00eancia de viol\u00eancia dom\u00e9stica no Departamento de Atendimento a Grupos Vulner\u00e1veis (DAGV) de Socorro, quando na manh\u00e3 de 4 de janeiro de 2012 Silvio chegou drogado, quebrou objetos da casa, bem como a empurrou e a amea\u00e7ou com uma faca.<\/p>\n<p style=\"text-align: justify;\">A companheira do indiciado afirmou que o crime s\u00f3 ocorreu em raz\u00e3o da interven\u00e7\u00e3o do irm\u00e3o ao tentar proteg\u00ea-la das agress\u00f5es praticadas pelo companheiro no dia do crime. A motiva\u00e7\u00e3o, de acordo com delegado, foi por ci\u00fames, quando ele alcoolizado desferiu pauladas, bem como a atingiu na cabe\u00e7a com um bloco, quando ela foi submetida \u00e0 per\u00edcia m\u00e9dico legal.<\/p>\n<p style=\"text-align: justify;\">O preso responder\u00e1 pelo homic\u00eddio qualificado praticado contra o cunhado e tamb\u00e9m pelas les\u00f5es corporais em face da ex-companheira.<\/p>\n<p style=\"text-align: justify;\">SSP\/SE<\/p>\n","protected":false},"excerpt":{"rendered":"<p>&nbsp; O delegado M\u00e1rio Leony, da quarta Divis\u00e3o do Departamento de Homic\u00eddios e Prote\u00e7\u00e3o \u00e0 Pessoa (DHPP), detalhou na manh\u00e3 desta quinta-feira (21) as investiga\u00e7\u00f5es da pol\u00edcia para prender S\u00edlvio Marques dos Santos, mais conhecido como Cabe\u00e7a, 23 anos. Ele matou o pr\u00f3prio cunhado, Ant\u00f4nio Carlos Lino Costa Filho, 26 anos. O crime foi cometido [&hellip;]<\/p>\n","protected":false},"author":1,"featured_media":44702,"comment_status":"closed","ping_status":"closed","sticky":false,"template":"","format":"standard","meta":{"footnotes":""},"categories":[7],"tags":[],"class_list":{"0":"post-44699","1":"post","2":"type-post","3":"status-publish","4":"format-standard","5":"has-post-thumbnail","7":"category-policia"},"_links":{"self":[{"href":"https:\/\/senoticias.com.br\/se\/wp-json\/wp\/v2\/posts\/44699"}],"collection":[{"href":"https:\/\/senoticias.com.br\/se\/wp-json\/wp\/v2\/posts"}],"about":[{"href":"https:\/\/senoticias.com.br\/se\/wp-json\/wp\/v2\/types\/post"}],"author":[{"embeddable":true,"href":"https:\/\/senoticias.com.br\/se\/wp-json\/wp\/v2\/users\/1"}],"replies":[{"embeddable":true,"href":"https:\/\/senoticias.com.br\/se\/wp-json\/wp\/v2\/comments?post=44699"}],"version-history":[{"count":0,"href":"https:\/\/senoticias.com.br\/se\/wp-json\/wp\/v2\/posts\/44699\/revisions"}],"wp:featuredmedia":[{"embeddable":true,"href":"https:\/\/senoticias.com.br\/se\/wp-json\/wp\/v2\/media\/44702"}],"wp:attachment":[{"href":"https:\/\/senoticias.com.br\/se\/wp-json\/wp\/v2\/media?parent=44699"}],"wp:term":[{"taxonomy":"category","embeddable":true,"href":"https:\/\/senoticias.com.br\/se\/wp-json\/wp\/v2\/categories?post=44699"},{"taxonomy":"post_tag","embeddable":true,"href":"https:\/\/senoticias.com.br\/se\/wp-json\/wp\/v2\/tags?post=44699"}],"curies":[{"name":"wp","href":"https:\/\/api.w.org\/{rel}","templated":true}]}}