{"id":44694,"date":"2013-02-21T15:19:36","date_gmt":"2013-02-21T18:19:36","guid":{"rendered":"http:\/\/senoticias.com.br\/se\/?p=44694"},"modified":"2013-05-18T12:53:23","modified_gmt":"2013-05-18T15:53:23","slug":"carro-da-prefeita-de-sao-cristovao-e-apreendido-em-blitz-da-getam","status":"publish","type":"post","link":"https:\/\/senoticias.com.br\/se\/carro-da-prefeita-de-sao-cristovao-e-apreendido-em-blitz-da-getam\/","title":{"rendered":"Carro da prefeita de S\u00e3o Crist\u00f3v\u00e3o \u00e9 apreendido em Blitz da Getam."},"content":{"rendered":"<p>&nbsp;<\/p>\n<p style=\"text-align: justify;\">Em mais uma blitz preventiva, realizada na tarde desta quarta-feira (20), policiais da Getam apreenderam uma caminhonete, prata L200 Triton\/2012, pertencente \u00e0 prefeita de S\u00e3o Crist\u00f3v\u00e3o, Rivanda Farias. O Local da apreens\u00e3o foi na rotat\u00f3ria da Rodovia Jo\u00e3o Bebe \u00c1gua com Avenida Chesf, no Bairro Rosa Maria, em S\u00e3o Crist\u00f3v\u00e3o. O motivo foi o descumprimento de duas regras\/normas do C\u00f3digo de Tr\u00e2nsito Brasileiro, artigo 230 inciso VII. e Artigo 162 Inciso V.<\/p>\n<div id=\"attachment_44696\" style=\"width: 598px\" class=\"wp-caption aligncenter\"><a href=\"http:\/\/senoticias.com.br\/se\/wp-content\/uploads\/2013\/02\/Triton-I.jpg\"><img loading=\"lazy\" decoding=\"async\" aria-describedby=\"caption-attachment-44696\" class=\"size-full wp-image-44696\" title=\"Triton I\" src=\"http:\/\/senoticias.com.br\/se\/wp-content\/uploads\/2013\/02\/Triton-I.jpg\" alt=\"\" width=\"588\" height=\"441\" srcset=\"https:\/\/senoticias.com.br\/se\/wp-content\/uploads\/2013\/02\/Triton-I.jpg 588w, https:\/\/senoticias.com.br\/se\/wp-content\/uploads\/2013\/02\/Triton-I-300x225.jpg 300w, https:\/\/senoticias.com.br\/se\/wp-content\/uploads\/2013\/02\/Triton-I-342x256.jpg 342w, https:\/\/senoticias.com.br\/se\/wp-content\/uploads\/2013\/02\/Triton-I-60x45.jpg 60w, https:\/\/senoticias.com.br\/se\/wp-content\/uploads\/2013\/02\/Triton-I-150x113.jpg 150w, https:\/\/senoticias.com.br\/se\/wp-content\/uploads\/2013\/02\/Triton-I-269x201.jpg 269w\" sizes=\"(max-width: 588px) 100vw, 588px\" \/><\/a><p id=\"caption-attachment-44696\" class=\"wp-caption-text\">Apreens\u00e3o aconteceu na rotat\u00f3ria da Rodovia Jo\u00e3o Bebe \u00c1gua com Avenida Chesf. (Foto: Paulo Renan)<\/p><\/div>\n<p style=\"text-align: justify;\">O c\u00f3digo de transito, no seu Artigo 230. Diz que o condutor ao conduzir o ve\u00edculo com a cor ou caracter\u00edstica do carro alterada, deve ser multado. No documento da caminhonete constava o nome amarelo, quando na verdade a cor original \u00e9 prata. A Infra\u00e7\u00e3o foi considerada grave, e houve reten\u00e7\u00e3o do ve\u00edculo para regulariza\u00e7\u00e3o e multa.<\/p>\n<div id=\"attachment_44697\" style=\"width: 310px\" class=\"wp-caption alignleft\"><a href=\"http:\/\/senoticias.com.br\/se\/wp-content\/uploads\/2013\/02\/Tritom.jpg\"><img loading=\"lazy\" decoding=\"async\" aria-describedby=\"caption-attachment-44697\" class=\"size-medium wp-image-44697\" title=\"Tritom\" src=\"http:\/\/senoticias.com.br\/se\/wp-content\/uploads\/2013\/02\/Tritom-300x224.jpg\" alt=\"\" width=\"300\" height=\"224\" srcset=\"https:\/\/senoticias.com.br\/se\/wp-content\/uploads\/2013\/02\/Tritom-300x224.jpg 300w, https:\/\/senoticias.com.br\/se\/wp-content\/uploads\/2013\/02\/Tritom-342x256.jpg 342w, https:\/\/senoticias.com.br\/se\/wp-content\/uploads\/2013\/02\/Tritom-60x45.jpg 60w, https:\/\/senoticias.com.br\/se\/wp-content\/uploads\/2013\/02\/Tritom-150x113.jpg 150w, https:\/\/senoticias.com.br\/se\/wp-content\/uploads\/2013\/02\/Tritom-269x201.jpg 269w, https:\/\/senoticias.com.br\/se\/wp-content\/uploads\/2013\/02\/Tritom.jpg 523w\" sizes=\"(max-width: 300px) 100vw, 300px\" \/><\/a><p id=\"caption-attachment-44697\" class=\"wp-caption-text\">Carro foi apreendido porque estava infringindo os artigos 230 e 162 do CTB. (Foto: Paulo Renan)<\/p><\/div>\n<p style=\"text-align: justify;\">J\u00e1 o Artigo 162, regulamenta em seu inciso V que dirigir ve\u00edculo com validade da Carteira Nacional de Habilita\u00e7\u00e3o (CNH), vencida h\u00e1 mais de trinta dias, \u00e9 considerada infra\u00e7\u00e3o grav\u00edssima, ocorrendo de imediato o recolhimento da habilita\u00e7\u00e3o, e reten\u00e7\u00e3o do ve\u00edculo at\u00e9 a apresenta\u00e7\u00e3o de condutor habilitado.<\/p>\n<p style=\"text-align: justify;\"><strong>Rivanda Farias<\/strong><\/p>\n<p style=\"text-align: justify;\">Procurado por nossa reportagem , o Assessor de Comunica\u00e7\u00e3o da Prefeitura de S\u00e3o Crist\u00f3v\u00e3o, o jornalista Elton Coelho confirmou que o ve\u00edculo apreendido na blitz pertence a prefeita Rivanda Farias. \u201cO que houve foi um descuido por parte do condutor do ve\u00edculo em n\u00e3o se atentar para a mudan\u00e7a de cor, do ve\u00edculo, que advinha do per\u00edodo eleitoral. A caminhonete foi utilizada durante a campanha eleitoral com plotagem de cor amarela. Ap\u00f3s a campanha, o ideal era que o documento fosse alterado para a cor original, cinza\u201d, afirmou o assessor.<\/p>\n<p style=\"text-align: justify;\">Elton Coelho colocou tamb\u00e9m que na forma da lei o condutor deve ser punido por seu erro e pagar as multas que foram aplicadas pelo \u00f3rg\u00e3o fiscalizador. Na ocasi\u00e3o, mais dois ve\u00edculos foram apreendidos no local, sendo uma motoneta BUL preta e um Voyage.<\/p>\n<p style=\"text-align: justify;\"><span style=\"color: #333333;\"><em><strong>Por Paulo Renan &#8211; Reda\u00e7\u00e3o SE Not\u00edcias<\/strong><\/em><\/span><\/p>\n","protected":false},"excerpt":{"rendered":"<p>&nbsp; Em mais uma blitz preventiva, realizada na tarde desta quarta-feira (20), policiais da Getam apreenderam uma caminhonete, prata L200 Triton\/2012, pertencente \u00e0 prefeita de S\u00e3o Crist\u00f3v\u00e3o, Rivanda Farias. O Local da apreens\u00e3o foi na rotat\u00f3ria da Rodovia Jo\u00e3o Bebe \u00c1gua com Avenida Chesf, no Bairro Rosa Maria, em S\u00e3o Crist\u00f3v\u00e3o. O motivo foi o [&hellip;]<\/p>\n","protected":false},"author":1,"featured_media":44697,"comment_status":"closed","ping_status":"closed","sticky":false,"template":"","format":"standard","meta":{"footnotes":""},"categories":[310,38,6,3],"tags":[],"class_list":{"0":"post-44694","1":"post","2":"type-post","3":"status-publish","4":"format-standard","5":"has-post-thumbnail","7":"category-destaques-da-semana","8":"category-municipios","9":"category-politica","10":"category-saocristovao"},"_links":{"self":[{"href":"https:\/\/senoticias.com.br\/se\/wp-json\/wp\/v2\/posts\/44694"}],"collection":[{"href":"https:\/\/senoticias.com.br\/se\/wp-json\/wp\/v2\/posts"}],"about":[{"href":"https:\/\/senoticias.com.br\/se\/wp-json\/wp\/v2\/types\/post"}],"author":[{"embeddable":true,"href":"https:\/\/senoticias.com.br\/se\/wp-json\/wp\/v2\/users\/1"}],"replies":[{"embeddable":true,"href":"https:\/\/senoticias.com.br\/se\/wp-json\/wp\/v2\/comments?post=44694"}],"version-history":[{"count":0,"href":"https:\/\/senoticias.com.br\/se\/wp-json\/wp\/v2\/posts\/44694\/revisions"}],"wp:featuredmedia":[{"embeddable":true,"href":"https:\/\/senoticias.com.br\/se\/wp-json\/wp\/v2\/media\/44697"}],"wp:attachment":[{"href":"https:\/\/senoticias.com.br\/se\/wp-json\/wp\/v2\/media?parent=44694"}],"wp:term":[{"taxonomy":"category","embeddable":true,"href":"https:\/\/senoticias.com.br\/se\/wp-json\/wp\/v2\/categories?post=44694"},{"taxonomy":"post_tag","embeddable":true,"href":"https:\/\/senoticias.com.br\/se\/wp-json\/wp\/v2\/tags?post=44694"}],"curies":[{"name":"wp","href":"https:\/\/api.w.org\/{rel}","templated":true}]}}