{"id":44686,"date":"2013-02-21T13:50:02","date_gmt":"2013-02-21T16:50:02","guid":{"rendered":"http:\/\/senoticias.com.br\/se\/?p=44686"},"modified":"2013-05-18T12:53:24","modified_gmt":"2013-05-18T15:53:24","slug":"criancas-especiais-estao-sem-transporte-para-fazer-fisioterapia-em-sao-cristovao","status":"publish","type":"post","link":"https:\/\/senoticias.com.br\/se\/criancas-especiais-estao-sem-transporte-para-fazer-fisioterapia-em-sao-cristovao\/","title":{"rendered":"Crian\u00e7as especiais est\u00e3o sem transporte para fazer fisioterapia em S\u00e3o Crist\u00f3v\u00e3o"},"content":{"rendered":"<p><span style=\"color: #333333;\"><strong><a href=\" http:\/\/liberdadefm.com.br\/\" target=\"_blank\">por REDA\u00c7\u00c3O LIBERDADE SEM CENSURA<\/a><\/strong><\/span><\/p>\n<div id=\"attachment_44687\" style=\"width: 310px\" class=\"wp-caption alignleft\"><a href=\"http:\/\/senoticias.com.br\/se\/wp-content\/uploads\/2013\/02\/MAGNA.jpg\"><img loading=\"lazy\" decoding=\"async\" aria-describedby=\"caption-attachment-44687\" class=\"size-full wp-image-44687\" title=\"MAGNA\" src=\"http:\/\/senoticias.com.br\/se\/wp-content\/uploads\/2013\/02\/MAGNA.jpg\" alt=\"\" width=\"300\" height=\"225\" srcset=\"https:\/\/senoticias.com.br\/se\/wp-content\/uploads\/2013\/02\/MAGNA.jpg 300w, https:\/\/senoticias.com.br\/se\/wp-content\/uploads\/2013\/02\/MAGNA-60x45.jpg 60w, https:\/\/senoticias.com.br\/se\/wp-content\/uploads\/2013\/02\/MAGNA-150x113.jpg 150w, https:\/\/senoticias.com.br\/se\/wp-content\/uploads\/2013\/02\/MAGNA-269x201.jpg 269w\" sizes=\"(max-width: 300px) 100vw, 300px\" \/><\/a><p id=\"caption-attachment-44687\" class=\"wp-caption-text\">As crian\u00e7as, residem no loteamento Madre Paulina, em S\u00e3o Crist\u00f3v\u00e3o. (Foto: Magna Santana)<\/p><\/div>\n<p style=\"text-align: justify;\">A rep\u00f3rter Magna Santana voltou nesta quinta-feira, 21, ao munic\u00edpio de S\u00e3o Crist\u00f3v\u00e3o, desta vez para ouvir m\u00e3es de crian\u00e7as especiais, que est\u00e3o sem transporte para irem \u00e0s sess\u00f5es de fisioterapia. \u00c9 o Liberdade nas Ruas, ouvindo a popula\u00e7\u00e3o, cobrando solu\u00e7\u00f5es para os problemas. &#8220;a gente est\u00e1 aqui para tentar ajudar a popula\u00e7\u00e3o e tamb\u00e9m as autoridades&#8221;, destacou o apresentador Evenilson Santana.<\/p>\n<p style=\"text-align: justify;\">As crian\u00e7as, que residem no loteamento Madre Paulina e adjac\u00eancias, est\u00e3o sem transporte h\u00e1 mais de tr\u00eas meses. &#8220;Eles t\u00eam paralisia cerebral e contavam com um carro pequeno, onde iam todos apinhados para a fisioterapia e agora est\u00e3o at\u00e9 sem esse ve\u00edculo. \u00c9 uma situa\u00e7\u00e3o de cortar o cora\u00e7\u00e3o&#8221;, informou Magna Santana.<\/p>\n<p style=\"text-align: justify;\">A m\u00e3e de uma das crian\u00e7as descrevem o transtorno que \u00e9 para levar o filho de \u00f4nibus, para fazer a fisioterapia em Aracaju, &#8220;Saio daqui por volta das 14h e tenho que espera passar um \u00f4nibus com elevador para que possa subir com a cadeira. Tem dias que passam tr\u00eas antes de vir um com elevador. Acabo chegando l\u00e1 em cima da hora da fisioterapia, que \u00e9 de 16h30 at\u00e9r 17h30 e s\u00f3 estou de volta em casa l\u00e1 para as 20h&#8221;, informou dona Gl\u00e1ucia. Magna Santana frisou que essa m\u00e3es vivem praticamente em fun\u00e7\u00e3o de seus filhos.<\/p>\n<p style=\"text-align: justify;\">Al\u00e9m dos transporte, as m\u00e3es enfrentam problemas tamb\u00e9m com a falta de rem\u00e9dios, que s\u00e3o de uso continuado e fraldas que essas crian\u00e7as tamb\u00e9m usam. &#8220;J\u00e1 procuramos a prefeitura, fomos at\u00e9 a secret\u00e1ria de sa\u00fade, falamos sobre toda a situa\u00e7\u00e3o e ela nos disse que tudo seria resolvido agora ap\u00f3s o carnaval, mas at\u00e9 agora nada foi resolvido&#8221;, disse outra m\u00e3e.<\/p>\n","protected":false},"excerpt":{"rendered":"<p>por REDA\u00c7\u00c3O LIBERDADE SEM CENSURA A rep\u00f3rter Magna Santana voltou nesta quinta-feira, 21, ao munic\u00edpio de S\u00e3o Crist\u00f3v\u00e3o, desta vez para ouvir m\u00e3es de crian\u00e7as especiais, que est\u00e3o sem transporte para irem \u00e0s sess\u00f5es de fisioterapia. \u00c9 o Liberdade nas Ruas, ouvindo a popula\u00e7\u00e3o, cobrando solu\u00e7\u00f5es para os problemas. &#8220;a gente est\u00e1 aqui para tentar [&hellip;]<\/p>\n","protected":false},"author":1,"featured_media":44687,"comment_status":"closed","ping_status":"closed","sticky":false,"template":"","format":"standard","meta":{"footnotes":""},"categories":[39,38,3,8],"tags":[],"class_list":{"0":"post-44686","1":"post","2":"type-post","3":"status-publish","4":"format-standard","5":"has-post-thumbnail","7":"category-esporte","8":"category-municipios","9":"category-saocristovao","10":"category-esporte-e-cultura"},"_links":{"self":[{"href":"https:\/\/senoticias.com.br\/se\/wp-json\/wp\/v2\/posts\/44686"}],"collection":[{"href":"https:\/\/senoticias.com.br\/se\/wp-json\/wp\/v2\/posts"}],"about":[{"href":"https:\/\/senoticias.com.br\/se\/wp-json\/wp\/v2\/types\/post"}],"author":[{"embeddable":true,"href":"https:\/\/senoticias.com.br\/se\/wp-json\/wp\/v2\/users\/1"}],"replies":[{"embeddable":true,"href":"https:\/\/senoticias.com.br\/se\/wp-json\/wp\/v2\/comments?post=44686"}],"version-history":[{"count":0,"href":"https:\/\/senoticias.com.br\/se\/wp-json\/wp\/v2\/posts\/44686\/revisions"}],"wp:featuredmedia":[{"embeddable":true,"href":"https:\/\/senoticias.com.br\/se\/wp-json\/wp\/v2\/media\/44687"}],"wp:attachment":[{"href":"https:\/\/senoticias.com.br\/se\/wp-json\/wp\/v2\/media?parent=44686"}],"wp:term":[{"taxonomy":"category","embeddable":true,"href":"https:\/\/senoticias.com.br\/se\/wp-json\/wp\/v2\/categories?post=44686"},{"taxonomy":"post_tag","embeddable":true,"href":"https:\/\/senoticias.com.br\/se\/wp-json\/wp\/v2\/tags?post=44686"}],"curies":[{"name":"wp","href":"https:\/\/api.w.org\/{rel}","templated":true}]}}