{"id":44683,"date":"2013-02-21T13:33:47","date_gmt":"2013-02-21T16:33:47","guid":{"rendered":"http:\/\/senoticias.com.br\/se\/?p=44683"},"modified":"2013-05-18T12:53:24","modified_gmt":"2013-05-18T15:53:24","slug":"enfretamento-as-drogas-e-debatido-em-audiencia-publica-em-sao-cristovao","status":"publish","type":"post","link":"https:\/\/senoticias.com.br\/se\/enfretamento-as-drogas-e-debatido-em-audiencia-publica-em-sao-cristovao\/","title":{"rendered":"Enfretamento \u00e0s drogas \u00e9 debatido em Audi\u00eancia P\u00fablica em s\u00e3o Crist\u00f3v\u00e3o"},"content":{"rendered":"<p>&nbsp;<\/p>\n<div id=\"attachment_44684\" style=\"width: 310px\" class=\"wp-caption alignleft\"><a href=\"http:\/\/senoticias.com.br\/se\/wp-content\/uploads\/2013\/02\/DSC_5052.jpg\"><img loading=\"lazy\" decoding=\"async\" aria-describedby=\"caption-attachment-44684\" class=\"size-medium wp-image-44684\" title=\"DSC_5052\" src=\"http:\/\/senoticias.com.br\/se\/wp-content\/uploads\/2013\/02\/DSC_5052-300x199.jpg\" alt=\"\" width=\"300\" height=\"199\" srcset=\"https:\/\/senoticias.com.br\/se\/wp-content\/uploads\/2013\/02\/DSC_5052-300x199.jpg 300w, https:\/\/senoticias.com.br\/se\/wp-content\/uploads\/2013\/02\/DSC_5052-342x227.jpg 342w, https:\/\/senoticias.com.br\/se\/wp-content\/uploads\/2013\/02\/DSC_5052.jpg 700w\" sizes=\"(max-width: 300px) 100vw, 300px\" \/><\/a><p id=\"caption-attachment-44684\" class=\"wp-caption-text\">Juiz Manoel da Costa Neto. (Foto: Jr. Ramalho - Ascom\/PMSC)<\/p><\/div>\n<p style=\"text-align: justify;\">No dia em que se comemora o enfretamento \u00e0s drogas no Brasil, 20 de fevereiro, a prefeitura de S\u00e3o Crist\u00f3v\u00e3o, atrav\u00e9s da Secretaria de A\u00e7\u00e3o e Desenvolvimento Social, e em parceria com o Conselho Municipal de Direito da Crian\u00e7a e do Adolescente (CMDCA), discutiu a\u00e7\u00f5es voltadas para a problem\u00e1tica no munic\u00edpio, em Audi\u00eancia P\u00fablica.<\/p>\n<p style=\"text-align: justify;\">Realizado no F\u00f3rum Gilson Soares, o encontrou reuniu \u00f3rg\u00e3os dos sistemas de garantias, ONGs, secret\u00e1rios, a pr\u00f3pria popula\u00e7\u00e3o, o juiz Manoel da Costa neto, e a representante da Secretaria de Desenvolvimento Social, Priscila Costa, com a finalidade de encontrar solu\u00e7\u00f5es r\u00e1pidas para combater o uso de drogas l\u00edcitas e il\u00edcitas pelos jovens sancristovenses. Uma das solu\u00e7\u00f5es apresentadas durante a Audi\u00eancia foi a reativa\u00e7\u00e3o do Conselho de Entorpecentes, cujos membros come\u00e7aram a ser escolhidos no evento.<\/p>\n<p style=\"text-align: justify;\">\u201cForam eleitos oito membros que fazem parte das organiza\u00e7\u00f5es n\u00e3o governamentais, a exemplo do segmento religioso, associa\u00e7\u00f5es, institui\u00e7\u00f5es de acolhimento, Clube de Servi\u00e7os, Clube de Sergipe e da pr\u00f3pria popula\u00e7\u00e3o, atrav\u00e9s de uma fam\u00edlia presente\u201d, explicou a presidente do CMDCA de S\u00e3o Crist\u00f3v\u00e3o, Maria L\u00facia de Souza.<\/p>\n<p style=\"text-align: justify;\">Os oito membros restantes, de acordo com a presidente do Conselho, ser\u00e3o indicados pelas Secretarias Municipais de S\u00e3o Crist\u00f3v\u00e3o. \u201cS\u00e3o os componentes que integram \u00f3rg\u00e3os governamentais, sendo eles as Secretarias de Educa\u00e7\u00e3o, Sa\u00fade, Desenvolvimento Social, um vereador, Minist\u00e9rio P\u00fablico, Poder P\u00fablico e do CMDA\u201d, complementou.<\/p>\n<p style=\"text-align: justify;\"><em><strong>Da Ascom\/S\u00e3o Crist\u00f3v\u00e3o<\/strong><\/em><\/p>\n","protected":false},"excerpt":{"rendered":"<p>&nbsp; No dia em que se comemora o enfretamento \u00e0s drogas no Brasil, 20 de fevereiro, a prefeitura de S\u00e3o Crist\u00f3v\u00e3o, atrav\u00e9s da Secretaria de A\u00e7\u00e3o e Desenvolvimento Social, e em parceria com o Conselho Municipal de Direito da Crian\u00e7a e do Adolescente (CMDCA), discutiu a\u00e7\u00f5es voltadas para a problem\u00e1tica no munic\u00edpio, em Audi\u00eancia P\u00fablica. [&hellip;]<\/p>\n","protected":false},"author":1,"featured_media":44684,"comment_status":"closed","ping_status":"closed","sticky":false,"template":"","format":"standard","meta":{"footnotes":""},"categories":[310,38,3],"tags":[],"class_list":{"0":"post-44683","1":"post","2":"type-post","3":"status-publish","4":"format-standard","5":"has-post-thumbnail","7":"category-destaques-da-semana","8":"category-municipios","9":"category-saocristovao"},"_links":{"self":[{"href":"https:\/\/senoticias.com.br\/se\/wp-json\/wp\/v2\/posts\/44683"}],"collection":[{"href":"https:\/\/senoticias.com.br\/se\/wp-json\/wp\/v2\/posts"}],"about":[{"href":"https:\/\/senoticias.com.br\/se\/wp-json\/wp\/v2\/types\/post"}],"author":[{"embeddable":true,"href":"https:\/\/senoticias.com.br\/se\/wp-json\/wp\/v2\/users\/1"}],"replies":[{"embeddable":true,"href":"https:\/\/senoticias.com.br\/se\/wp-json\/wp\/v2\/comments?post=44683"}],"version-history":[{"count":0,"href":"https:\/\/senoticias.com.br\/se\/wp-json\/wp\/v2\/posts\/44683\/revisions"}],"wp:featuredmedia":[{"embeddable":true,"href":"https:\/\/senoticias.com.br\/se\/wp-json\/wp\/v2\/media\/44684"}],"wp:attachment":[{"href":"https:\/\/senoticias.com.br\/se\/wp-json\/wp\/v2\/media?parent=44683"}],"wp:term":[{"taxonomy":"category","embeddable":true,"href":"https:\/\/senoticias.com.br\/se\/wp-json\/wp\/v2\/categories?post=44683"},{"taxonomy":"post_tag","embeddable":true,"href":"https:\/\/senoticias.com.br\/se\/wp-json\/wp\/v2\/tags?post=44683"}],"curies":[{"name":"wp","href":"https:\/\/api.w.org\/{rel}","templated":true}]}}