{"id":44415,"date":"2013-02-15T11:50:42","date_gmt":"2013-02-15T14:50:42","guid":{"rendered":"http:\/\/senoticias.com.br\/se\/?p=44415"},"modified":"2013-02-15T14:11:28","modified_gmt":"2013-02-15T17:11:28","slug":"quadrilha-acusada-de-trafico-de-drogas-e-homicidios-e-desarticulada-em-itabaianinha","status":"publish","type":"post","link":"https:\/\/senoticias.com.br\/se\/quadrilha-acusada-de-trafico-de-drogas-e-homicidios-e-desarticulada-em-itabaianinha\/","title":{"rendered":"Quadrilha acusada de tr\u00e1fico de drogas e homic\u00eddios \u00e9 desarticulada em Itabaianinha"},"content":{"rendered":"<div id=\"attachment_44416\" style=\"width: 310px\" class=\"wp-caption alignleft\"><a href=\"http:\/\/senoticias.com.br\/se\/wp-content\/uploads\/2013\/02\/11.jpg\"><img loading=\"lazy\" decoding=\"async\" aria-describedby=\"caption-attachment-44416\" class=\"size-medium wp-image-44416\" title=\"1\" src=\"http:\/\/senoticias.com.br\/se\/wp-content\/uploads\/2013\/02\/11-300x225.jpg\" alt=\"\" width=\"300\" height=\"225\" srcset=\"https:\/\/senoticias.com.br\/se\/wp-content\/uploads\/2013\/02\/11-300x225.jpg 300w, https:\/\/senoticias.com.br\/se\/wp-content\/uploads\/2013\/02\/11-342x256.jpg 342w, https:\/\/senoticias.com.br\/se\/wp-content\/uploads\/2013\/02\/11-60x45.jpg 60w, https:\/\/senoticias.com.br\/se\/wp-content\/uploads\/2013\/02\/11-150x113.jpg 150w, https:\/\/senoticias.com.br\/se\/wp-content\/uploads\/2013\/02\/11-269x201.jpg 269w, https:\/\/senoticias.com.br\/se\/wp-content\/uploads\/2013\/02\/11.jpg 1000w\" sizes=\"(max-width: 300px) 100vw, 300px\" \/><\/a><p id=\"caption-attachment-44416\" class=\"wp-caption-text\">Com os criminosos foram apreendidos uma balan\u00e7a de precis\u00e3o, uma pedra de crack, coca\u00edna, 79 pedrinhas de crack prontas para comercializa\u00e7\u00e3o (Foto: SSP-SE)<\/p><\/div>\n<p style=\"text-align: justify;\">Os agentes de pol\u00edcia Aldervan Lisboa e Arivaldo Solon, sob o comando do delegado Jos\u00e9 Luiz Accioly, desarticularam uma quadrilha acusada de envolvimento com o tr\u00e1fico de drogas e crimes de homic\u00eddio na cidade de Itabaianinha.<\/p>\n<p>Foram presos Jocl\u00e9cio dos Santos, conhecido como &#8220;Pardal&#8221;, 19 anos, apontado como l\u00edder do bando; o padastro de &#8220;Pardal&#8221;, conhecido por\u00a0 &#8220;Garrincha&#8221;, a m\u00e3e de Jocl\u00e9cio, conhecida como &#8220;Carlinha&#8221;, e um parceiro de Jocl\u00e9cio que atende pelo vulgo de &#8220;Ninho&#8221;. &#8220;Todos estavam em liberdade condicional, pois respondem pelos crimes de homic\u00eddio e tr\u00e1fico de drogas&#8221;, destacou o delegado.<\/p>\n<p style=\"text-align: justify;\">Com os criminosos foram apreendidos uma balan\u00e7a de precis\u00e3o, uma pedra de crack de 300 gramas, 350 gramas de coca\u00edna, 79 pedrinhas de crack prontas para comercializa\u00e7\u00e3o, uma c\u00e1psula contendo cocaina, seis papelotes de maconha, R$ 2 mil em notas de R$ 100,00 e notas de menor valor, uma arma de fogo calibere 32 com cinco muni\u00e7\u00f5es intactas que estava em poder de &#8220;Pardal&#8221;, uma m\u00e1scara, e tr\u00eas aparelhos de celulares.<\/p>\n<p style=\"text-align: justify;\">Segundo o delegado Acioly, as investiga\u00e7\u00f5es duraram cerca de dois meses e foram feitas diversas dilig\u00eancias. Com a informa\u00e7\u00e3o de que o l\u00edder da quadrilha estava na cidade foi feito o cerco em sua resid\u00eancia e l\u00e1 efetuadas as pris\u00f5es e apreens\u00f5es. &#8220;No momento da pris\u00e3o o &#8216;Pardal&#8217; tentou reagir e colocou a m\u00e3o na arma de fogo para atirar em um dos nossos policiais que foi mais r\u00e1pido e conseguiu domin\u00e1-lo&#8221;, destacou o delegado.<\/p>\n<div id=\"attachment_44417\" style=\"width: 310px\" class=\"wp-caption alignleft\"><a href=\"http:\/\/senoticias.com.br\/se\/wp-content\/uploads\/2013\/02\/3.jpg\"><img loading=\"lazy\" decoding=\"async\" aria-describedby=\"caption-attachment-44417\" class=\"size-medium wp-image-44417\" title=\"3\" src=\"http:\/\/senoticias.com.br\/se\/wp-content\/uploads\/2013\/02\/3-300x225.jpg\" alt=\"\" width=\"300\" height=\"225\" srcset=\"https:\/\/senoticias.com.br\/se\/wp-content\/uploads\/2013\/02\/3-300x225.jpg 300w, https:\/\/senoticias.com.br\/se\/wp-content\/uploads\/2013\/02\/3-342x256.jpg 342w, https:\/\/senoticias.com.br\/se\/wp-content\/uploads\/2013\/02\/3-60x45.jpg 60w, https:\/\/senoticias.com.br\/se\/wp-content\/uploads\/2013\/02\/3-150x113.jpg 150w, https:\/\/senoticias.com.br\/se\/wp-content\/uploads\/2013\/02\/3-269x201.jpg 269w, https:\/\/senoticias.com.br\/se\/wp-content\/uploads\/2013\/02\/3.jpg 640w\" sizes=\"(max-width: 300px) 100vw, 300px\" \/><\/a><p id=\"caption-attachment-44417\" class=\"wp-caption-text\">Foram presos Jocl\u00e9cio dos Santos, o padastro de &quot;Pardal&quot;, a m\u00e3e de Jocl\u00e9cio e um parceiro de Jocl\u00e9cio, vulgo &quot;Ninho&quot; (Foto:SSP-SE)<\/p><\/div>\n<p style=\"text-align: justify;\">Ainda segundo o delegado, a arma de fogo apreendida foi utilizada por &#8220;Pardal&#8221; h\u00e1 dois meses, tirando a vida de Bruno dos Santos por conta de uma d\u00edvida de drogas. &#8220;No mesmo dia do crime ele ainda tentou assassinar um outro adolescente por conta de disputa de ponto de venda de drogas. Ele j\u00e1 esteve internado no Cenam quando menor por conta de homic\u00eddio&#8221;, finalizou Acioly.<\/p>\n<p style=\"text-align: justify;\"><strong>SSP\/SE<\/strong><\/p>\n","protected":false},"excerpt":{"rendered":"<p>Os agentes de pol\u00edcia Aldervan Lisboa e Arivaldo Solon, sob o comando do delegado Jos\u00e9 Luiz Accioly, desarticularam uma quadrilha acusada de envolvimento com o tr\u00e1fico de drogas e crimes de homic\u00eddio na cidade de Itabaianinha. Foram presos Jocl\u00e9cio dos Santos, conhecido como &#8220;Pardal&#8221;, 19 anos, apontado como l\u00edder do bando; o padastro de &#8220;Pardal&#8221;, [&hellip;]<\/p>\n","protected":false},"author":1,"featured_media":44417,"comment_status":"closed","ping_status":"closed","sticky":false,"template":"","format":"standard","meta":{"footnotes":""},"categories":[15,7],"tags":[],"class_list":{"0":"post-44415","1":"post","2":"type-post","3":"status-publish","4":"format-standard","5":"has-post-thumbnail","7":"category-destaques","8":"category-policia"},"_links":{"self":[{"href":"https:\/\/senoticias.com.br\/se\/wp-json\/wp\/v2\/posts\/44415"}],"collection":[{"href":"https:\/\/senoticias.com.br\/se\/wp-json\/wp\/v2\/posts"}],"about":[{"href":"https:\/\/senoticias.com.br\/se\/wp-json\/wp\/v2\/types\/post"}],"author":[{"embeddable":true,"href":"https:\/\/senoticias.com.br\/se\/wp-json\/wp\/v2\/users\/1"}],"replies":[{"embeddable":true,"href":"https:\/\/senoticias.com.br\/se\/wp-json\/wp\/v2\/comments?post=44415"}],"version-history":[{"count":0,"href":"https:\/\/senoticias.com.br\/se\/wp-json\/wp\/v2\/posts\/44415\/revisions"}],"wp:featuredmedia":[{"embeddable":true,"href":"https:\/\/senoticias.com.br\/se\/wp-json\/wp\/v2\/media\/44417"}],"wp:attachment":[{"href":"https:\/\/senoticias.com.br\/se\/wp-json\/wp\/v2\/media?parent=44415"}],"wp:term":[{"taxonomy":"category","embeddable":true,"href":"https:\/\/senoticias.com.br\/se\/wp-json\/wp\/v2\/categories?post=44415"},{"taxonomy":"post_tag","embeddable":true,"href":"https:\/\/senoticias.com.br\/se\/wp-json\/wp\/v2\/tags?post=44415"}],"curies":[{"name":"wp","href":"https:\/\/api.w.org\/{rel}","templated":true}]}}