{"id":44410,"date":"2013-02-15T09:26:36","date_gmt":"2013-02-15T12:26:36","guid":{"rendered":"http:\/\/senoticias.com.br\/se\/?p=44410"},"modified":"2013-02-15T09:28:50","modified_gmt":"2013-02-15T12:28:50","slug":"mpf-de-minas-analisa-declaracao-sobre-elo-entre-lula-e-mensalao","status":"publish","type":"post","link":"https:\/\/senoticias.com.br\/se\/mpf-de-minas-analisa-declaracao-sobre-elo-entre-lula-e-mensalao\/","title":{"rendered":"MPF de Minas analisa declara\u00e7\u00e3o sobre elo entre Lula e mensal\u00e3o"},"content":{"rendered":"<div id=\"attachment_44411\" style=\"width: 310px\" class=\"wp-caption alignleft\"><a href=\"http:\/\/senoticias.com.br\/se\/wp-content\/uploads\/2013\/02\/roberto-gurgel-mensalao2.jpg\"><img loading=\"lazy\" decoding=\"async\" aria-describedby=\"caption-attachment-44411\" class=\"size-medium wp-image-44411\" title=\"roberto-gurgel-mensalao2\" src=\"http:\/\/senoticias.com.br\/se\/wp-content\/uploads\/2013\/02\/roberto-gurgel-mensalao2-300x225.jpg\" alt=\"\" width=\"300\" height=\"225\" srcset=\"https:\/\/senoticias.com.br\/se\/wp-content\/uploads\/2013\/02\/roberto-gurgel-mensalao2-300x225.jpg 300w, https:\/\/senoticias.com.br\/se\/wp-content\/uploads\/2013\/02\/roberto-gurgel-mensalao2-342x256.jpg 342w, https:\/\/senoticias.com.br\/se\/wp-content\/uploads\/2013\/02\/roberto-gurgel-mensalao2-60x45.jpg 60w, https:\/\/senoticias.com.br\/se\/wp-content\/uploads\/2013\/02\/roberto-gurgel-mensalao2-150x113.jpg 150w, https:\/\/senoticias.com.br\/se\/wp-content\/uploads\/2013\/02\/roberto-gurgel-mensalao2-269x201.jpg 269w, https:\/\/senoticias.com.br\/se\/wp-content\/uploads\/2013\/02\/roberto-gurgel-mensalao2.jpg 346w\" sizes=\"(max-width: 300px) 100vw, 300px\" \/><\/a><p id=\"caption-attachment-44411\" class=\"wp-caption-text\">O procurador-geral da Rep\u00fablica, Roberto Gurgel (Foto: Nelson Jr.\/SCO\/STF)<\/p><\/div>\n<p style=\"text-align: justify;\">O procurador do Minist\u00e9rio P\u00fablico Federal em Minas Gerais Leonardo Augusto Melo analisa o depoimento em que Marcos Val\u00e9rio, condenado como operador do mensal\u00e3o, acusou o ex-presidente Luiz In\u00e1cio Lula da Silva de envolvimento com o esquema de compra de votos no Congresso Nacional. De acordo com o MPF, o documento chegou \u00e0 sede da institui\u00e7\u00e3o, em Belo Horizonte, nesta quarta-feira (13), e foi encaminhado ao N\u00facleo de Patrim\u00f4nio P\u00fablico.<strong><\/strong><\/p>\n<p style=\"text-align: justify;\">No dia 6 deste m\u00eas, o procurador-geral da Rep\u00fablica, Roberto Gurgel, informou que havia enviado o depoimento ao MPF de Minas. &#8220;Est\u00e1 sendo encaminhado para a Procuradoria da Rep\u00fablica de Minas Gerais. [&#8230;] Depois de uma verifica\u00e7\u00e3o cuidadosa, verificamos que j\u00e1 existe procedimento decorrente de ato do ministro Joaquim Barbosa, que trata de assunto relacionado ao processo do mensal\u00e3o&#8221;, informou Gurgel ap\u00f3s a posse de S\u00e9rgio Kukina como ministro do Superior Tribunal de Justi\u00e7a (STJ), na \u00faltima semana.<\/p>\n<p>O MPF informou que n\u00e3o h\u00e1 previs\u00e3o para a conclus\u00e3o da an\u00e1lise, quando o procurador Leonardo Augusto Melo vai dizer se investiga ou arquiva as acusa\u00e7\u00f5es de Val\u00e9rio. Segundo o \u00f3rg\u00e3o, Melo vai analisar ainda todos os processos desmembrados das investiga\u00e7\u00f5es do mensal\u00e3o.<\/p>\n<p style=\"text-align: justify;\">Em depoimento dado em setembro, Val\u00e9rio disse que Lula autorizou empr\u00e9stimos dos bancos\u00a0 Rural e BMG para o PT, com o objetivo de viabilizar o esquema, segundo o jornal &#8220;O Estado de S. Paulo&#8221;. Al\u00e9m disso, de acordo com o jornal, Val\u00e9rio afirmou no depoimento que despesas pessoais do ex-presidente foram pagas com esse dinheiro.<\/p>\n<p style=\"text-align: justify;\">Como Lula n\u00e3o tem mais foro privilegiado no Supremo, o que acontece com o presidente da Rep\u00fablica, ministros e parlamentares, o processo n\u00e3o pode ser analisado na Procuradoria Geral da Rep\u00fablica.<\/p>\n<p style=\"text-align: justify;\"><strong>Depoimento \u00e0 PGR<\/strong><br \/>\nDe acordo com o jornal, Val\u00e9rio procurou voluntariamente a Procuradoria Geral ap\u00f3s ser condenado pelo STF a 40 anos, dois meses e dez dias de pris\u00e3o pelos crimes de forma\u00e7\u00e3o de quadrilha, corrup\u00e7\u00e3o ativa, peculato, lavagem de dinheiro e evas\u00e3o de divisas no processo do mensal\u00e3o. Em troca do novo depoimento e de mais informa\u00e7\u00f5es sobre o esquema de desvio de dinheiro p\u00fablico para o PT, Val\u00e9rio pretende obter prote\u00e7\u00e3o e redu\u00e7\u00e3o de sua pena.<\/p>\n<p style=\"text-align: justify;\">A oitiva de Val\u00e9rio ocorreu no dia 24 de setembro, em Bras\u00edlia. As declara\u00e7\u00f5es est\u00e3o em 13 p\u00e1ginas. O &#8220;Estado de S\u00e3o Paulo\u201d afirma que teve acesso \u00e0 \u00edntegra do depoimento, assinado pelo advogado do empres\u00e1rio, o criminalista Marcelo Leonardo, pela subprocuradora da Rep\u00fablica Cl\u00e1udia Sampaio e pela procuradora da Rep\u00fablica Raquel Branquinho.<\/p>\n<p><strong>Do G1 Minas<\/strong><\/p>\n","protected":false},"excerpt":{"rendered":"<p>O procurador do Minist\u00e9rio P\u00fablico Federal em Minas Gerais Leonardo Augusto Melo analisa o depoimento em que Marcos Val\u00e9rio, condenado como operador do mensal\u00e3o, acusou o ex-presidente Luiz In\u00e1cio Lula da Silva de envolvimento com o esquema de compra de votos no Congresso Nacional. De acordo com o MPF, o documento chegou \u00e0 sede da [&hellip;]<\/p>\n","protected":false},"author":1,"featured_media":44411,"comment_status":"closed","ping_status":"closed","sticky":false,"template":"","format":"standard","meta":{"footnotes":""},"categories":[6],"tags":[],"class_list":{"0":"post-44410","1":"post","2":"type-post","3":"status-publish","4":"format-standard","5":"has-post-thumbnail","7":"category-politica"},"_links":{"self":[{"href":"https:\/\/senoticias.com.br\/se\/wp-json\/wp\/v2\/posts\/44410"}],"collection":[{"href":"https:\/\/senoticias.com.br\/se\/wp-json\/wp\/v2\/posts"}],"about":[{"href":"https:\/\/senoticias.com.br\/se\/wp-json\/wp\/v2\/types\/post"}],"author":[{"embeddable":true,"href":"https:\/\/senoticias.com.br\/se\/wp-json\/wp\/v2\/users\/1"}],"replies":[{"embeddable":true,"href":"https:\/\/senoticias.com.br\/se\/wp-json\/wp\/v2\/comments?post=44410"}],"version-history":[{"count":0,"href":"https:\/\/senoticias.com.br\/se\/wp-json\/wp\/v2\/posts\/44410\/revisions"}],"wp:featuredmedia":[{"embeddable":true,"href":"https:\/\/senoticias.com.br\/se\/wp-json\/wp\/v2\/media\/44411"}],"wp:attachment":[{"href":"https:\/\/senoticias.com.br\/se\/wp-json\/wp\/v2\/media?parent=44410"}],"wp:term":[{"taxonomy":"category","embeddable":true,"href":"https:\/\/senoticias.com.br\/se\/wp-json\/wp\/v2\/categories?post=44410"},{"taxonomy":"post_tag","embeddable":true,"href":"https:\/\/senoticias.com.br\/se\/wp-json\/wp\/v2\/tags?post=44410"}],"curies":[{"name":"wp","href":"https:\/\/api.w.org\/{rel}","templated":true}]}}