{"id":44407,"date":"2013-02-15T08:58:32","date_gmt":"2013-02-15T11:58:32","guid":{"rendered":"http:\/\/senoticias.com.br\/se\/?p=44407"},"modified":"2013-02-15T08:58:48","modified_gmt":"2013-02-15T11:58:48","slug":"apesar-do-trabalho-preventivo-mais-duas-motos-sao-roubadas-em-estancia","status":"publish","type":"post","link":"https:\/\/senoticias.com.br\/se\/apesar-do-trabalho-preventivo-mais-duas-motos-sao-roubadas-em-estancia\/","title":{"rendered":"Apesar do trabalho preventivo mais duas motos s\u00e3o roubadas em Est\u00e2ncia"},"content":{"rendered":"<div id=\"attachment_44408\" style=\"width: 310px\" class=\"wp-caption alignleft\"><a href=\"http:\/\/senoticias.com.br\/se\/wp-content\/uploads\/2013\/02\/OgAAAJdgHM4w24cozlgdCPEnAbvxDzP1yml.jpg\"><img loading=\"lazy\" decoding=\"async\" aria-describedby=\"caption-attachment-44408\" class=\"size-medium wp-image-44408\" title=\"OgAAAJdgHM4w24cozlgdCPEnAbvxDzP1yml\" src=\"http:\/\/senoticias.com.br\/se\/wp-content\/uploads\/2013\/02\/OgAAAJdgHM4w24cozlgdCPEnAbvxDzP1yml-300x225.jpg\" alt=\"\" width=\"300\" height=\"225\" srcset=\"https:\/\/senoticias.com.br\/se\/wp-content\/uploads\/2013\/02\/OgAAAJdgHM4w24cozlgdCPEnAbvxDzP1yml-300x225.jpg 300w, https:\/\/senoticias.com.br\/se\/wp-content\/uploads\/2013\/02\/OgAAAJdgHM4w24cozlgdCPEnAbvxDzP1yml-342x256.jpg 342w, https:\/\/senoticias.com.br\/se\/wp-content\/uploads\/2013\/02\/OgAAAJdgHM4w24cozlgdCPEnAbvxDzP1yml-60x45.jpg 60w, https:\/\/senoticias.com.br\/se\/wp-content\/uploads\/2013\/02\/OgAAAJdgHM4w24cozlgdCPEnAbvxDzP1yml-150x113.jpg 150w, https:\/\/senoticias.com.br\/se\/wp-content\/uploads\/2013\/02\/OgAAAJdgHM4w24cozlgdCPEnAbvxDzP1yml-269x201.jpg 269w, https:\/\/senoticias.com.br\/se\/wp-content\/uploads\/2013\/02\/OgAAAJdgHM4w24cozlgdCPEnAbvxDzP1yml.jpg 640w\" sizes=\"(max-width: 300px) 100vw, 300px\" \/><\/a><p id=\"caption-attachment-44408\" class=\"wp-caption-text\">Mesmo com todo o trabalho preventivo da Pol\u00edcia Militar duas motos s\u00e3o roubadas em Est\u00e2ncia (foto:ilustrativa)<\/p><\/div>\n<p style=\"text-align: justify;\">Mesmo com todo o trabalho ostensivo e preventivo que as Pol\u00edcias Militar e Civil tem feito no munic\u00edpio de Est\u00e2ncia e a r\u00e1pida resposta que os Delegados da DERPOL do munic\u00edpio tem dado aos crimes, roubos e assaltos ocorridos na cidade e regi\u00e3o, os ladr\u00f5es continuam atacando e a cada dia que passa as estat\u00edsticas est\u00e3o aumentando no munic\u00edpio de Est\u00e2ncia.<\/p>\n<p style=\"text-align: justify;\">Segundo informa\u00e7\u00f5es repassadas a reda\u00e7\u00e3o do nosso portal, por volta das 20h da \u00faltima quarta feira, 13, dois homens em uma motocicleta tomou uma moto de roubo nas proximidades do Conjunto Albano Franco.<\/p>\n<p style=\"text-align: justify;\">Segundo informa\u00e7\u00f5es de uma cunhada da v\u00edtima, Cristiano,\u00a0 a v\u00edtima, estava juntamente com o pastor Jos\u00e9 Carlos indo at\u00e9 uma igreja quando nas imedia\u00e7\u00f5es do conjunto foram abordados por dois homens em uma motocicleta e de posse de uma arma de fogo os\u00a0 homens anunciaram o assalto e evadiram-se do local com destino ignorado.<\/p>\n<p style=\"text-align: justify;\">A moto roubada foi uma Honda de cor vermelha, jogo de roda e placa policial HZV 5384 de Est\u00e2ncia. Al\u00e9m da motocicleta, os bandidos levaram as carteiras das\u00a0 v\u00edtimas contendo CNH,dinheiro e documentos pessoais.<\/p>\n<p style=\"text-align: justify;\">No dia anterior, ter\u00e7a feira de carnaval, segundo informa\u00e7\u00f5es de um mototaxista da cidade, um colega seu foi assaltado nas proximidades de um quebra mola na sa\u00edda da cidade e teve a sua motocicleta, uma Honda Pop roubada pelos meliantes.<\/p>\n<p style=\"text-align: justify;\">Al\u00e9m dos roubos a motocicletas, os pedestres est\u00e3o reclamando de assaltos\u00a0 nas vias p\u00fablicas. Segundo uma internauta do nosso portal, na Rua Domingos Gordo, no centro da cidade de Est\u00e2ncia, os transeuntes est\u00e3o sendo v\u00edtimas di\u00e1rias da a\u00e7\u00e3o de jovens que est\u00e3o assaltando a regi\u00e3o.<\/p>\n<p style=\"text-align: justify;\">Segundo as informa\u00e7\u00f5es, na noite dessa quinta feira, 14, mais duas mulheres foram v\u00edtimas da a\u00e7\u00e3o dos meliantes que as derrubaram ao ch\u00e3o e roubaram os seus pertences. Segundo outra internauta, momentos ap\u00f3s uma arma branca foi encontrada na localidade.<\/p>\n<p style=\"text-align: justify;\">Tamb\u00e9m foram registrados nesses dias carnavalescos alguns assaltos a resid\u00eancias na praia do saco<\/p>\n<p style=\"text-align: justify;\">A popula\u00e7\u00e3o reconhece o trabalho da PM e PC, mas cobra do Governo do Estado de Sergipe e em especial da SSP a volta da GETAN para intensificar ainda mais as rondas e abordagens.<\/p>\n<p style=\"text-align: justify;\"><strong>Por Pisca Jr.<\/strong><\/p>\n","protected":false},"excerpt":{"rendered":"<p>Mesmo com todo o trabalho ostensivo e preventivo que as Pol\u00edcias Militar e Civil tem feito no munic\u00edpio de Est\u00e2ncia e a r\u00e1pida resposta que os Delegados da DERPOL do munic\u00edpio tem dado aos crimes, roubos e assaltos ocorridos na cidade e regi\u00e3o, os ladr\u00f5es continuam atacando e a cada dia que passa as estat\u00edsticas [&hellip;]<\/p>\n","protected":false},"author":1,"featured_media":44408,"comment_status":"closed","ping_status":"closed","sticky":false,"template":"","format":"standard","meta":{"footnotes":""},"categories":[7],"tags":[],"class_list":{"0":"post-44407","1":"post","2":"type-post","3":"status-publish","4":"format-standard","5":"has-post-thumbnail","7":"category-policia"},"_links":{"self":[{"href":"https:\/\/senoticias.com.br\/se\/wp-json\/wp\/v2\/posts\/44407"}],"collection":[{"href":"https:\/\/senoticias.com.br\/se\/wp-json\/wp\/v2\/posts"}],"about":[{"href":"https:\/\/senoticias.com.br\/se\/wp-json\/wp\/v2\/types\/post"}],"author":[{"embeddable":true,"href":"https:\/\/senoticias.com.br\/se\/wp-json\/wp\/v2\/users\/1"}],"replies":[{"embeddable":true,"href":"https:\/\/senoticias.com.br\/se\/wp-json\/wp\/v2\/comments?post=44407"}],"version-history":[{"count":0,"href":"https:\/\/senoticias.com.br\/se\/wp-json\/wp\/v2\/posts\/44407\/revisions"}],"wp:featuredmedia":[{"embeddable":true,"href":"https:\/\/senoticias.com.br\/se\/wp-json\/wp\/v2\/media\/44408"}],"wp:attachment":[{"href":"https:\/\/senoticias.com.br\/se\/wp-json\/wp\/v2\/media?parent=44407"}],"wp:term":[{"taxonomy":"category","embeddable":true,"href":"https:\/\/senoticias.com.br\/se\/wp-json\/wp\/v2\/categories?post=44407"},{"taxonomy":"post_tag","embeddable":true,"href":"https:\/\/senoticias.com.br\/se\/wp-json\/wp\/v2\/tags?post=44407"}],"curies":[{"name":"wp","href":"https:\/\/api.w.org\/{rel}","templated":true}]}}