{"id":44260,"date":"2013-02-11T11:50:33","date_gmt":"2013-02-11T14:50:33","guid":{"rendered":"http:\/\/senoticias.com.br\/se\/?p=44260"},"modified":"2013-02-14T08:08:12","modified_gmt":"2013-02-14T11:08:12","slug":"boca-junior-se-dispensa-3-jogadores-e-contrata-4-para-2%c2%aa-fase-do-sergipao","status":"publish","type":"post","link":"https:\/\/senoticias.com.br\/se\/boca-junior-se-dispensa-3-jogadores-e-contrata-4-para-2%c2%aa-fase-do-sergipao\/","title":{"rendered":"Boca J\u00fanior-SE dispensa 3 jogadores e contrata 4 para 2\u00aa fase do Sergip\u00e3o"},"content":{"rendered":"<pre><em><strong>Por GLOBOESPORTE.COM<\/strong><\/em>\r\n<em><strong>Est\u00e2ncia, SE<\/strong><\/em><\/pre>\n<div id=\"attachment_44261\" style=\"width: 310px\" class=\"wp-caption alignleft\"><a href=\"http:\/\/senoticias.com.br\/se\/wp-content\/uploads\/2013\/02\/oi.jpg\"><img loading=\"lazy\" decoding=\"async\" aria-describedby=\"caption-attachment-44261\" class=\"size-medium wp-image-44261\" title=\"Pedrinho\" src=\"http:\/\/senoticias.com.br\/se\/wp-content\/uploads\/2013\/02\/oi-300x168.jpg\" alt=\"\" width=\"300\" height=\"168\" srcset=\"https:\/\/senoticias.com.br\/se\/wp-content\/uploads\/2013\/02\/oi-300x168.jpg 300w, https:\/\/senoticias.com.br\/se\/wp-content\/uploads\/2013\/02\/oi-342x192.jpg 342w, https:\/\/senoticias.com.br\/se\/wp-content\/uploads\/2013\/02\/oi.jpg 620w\" sizes=\"(max-width: 300px) 100vw, 300px\" \/><\/a><p id=\"caption-attachment-44261\" class=\"wp-caption-text\">T\u00e9cnico Pedrinho continua no cargo (Foto: Reprodu\u00e7\u00e3o\/Facebook)<\/p><\/div>\n<p style=\"text-align: justify;\">No segundo turno do Campeonato Sergipano o Boca J\u00fanior ser\u00e1 um pouco diferente. S\u00f3 um pouco. A diretoria manteve a aposta no t\u00e9cnico Pedrinho, mas refor\u00e7ou a comiss\u00e3o t\u00e9cnica. Liberou tr\u00eas jogadores e contratou quatro. Dois deles seus nomes ainda n\u00e3o foram revelados.<\/p>\n<p style=\"text-align: justify;\">Os que n\u00e3o vestem mais a camisa do time neste Estadual s\u00e3o: Juninho Pitbull, \u00cdndio e Geovani. Os dois \u00faltimos emprestados para outras equipes fora do Estado. A equipe de Est\u00e2ncia anunciou a contrata\u00e7\u00e3o de dois laterais: Marco Ant\u00f4nio, que atua na direita e veio do Botafogo-PB, e Pedrinho, joga na esquerda e chega do Tanambi-SP.<\/p>\n<p style=\"text-align: justify;\">A comiss\u00e3o t\u00e9cnica ter\u00e1 o refor\u00e7o do preparador f\u00edsico Ismael Macedo, 39 anos, formado em educa\u00e7\u00e3o f\u00edsica na UFBA. Ele j\u00e1 passou por Bahia, Vit\u00f3ria, Lajeadense-RS, Passo Fundo-RS, S\u00e3o Luiz-RS.<\/p>\n<p style=\"text-align: justify;\">&#8211; Estamos trabalhando para fazer do Boca J\u00fanior um time competitivo. Trouxemos jogadores vencedores e acreditamos no trabalho do Pedrinho. A equipe volta os trabalhos nesta quarta-feira &#8211; disse Le\u00e3o Oliveira, gerente de futebol do clube.<\/p>\n<p style=\"text-align: justify;\">O Boca J\u00fanior estreia no segundo turno do Sergip\u00e3o fora de casa, contra o atual campe\u00e3o: Itabaiana, no Est\u00e1dio Presidente M\u00e9dici, \u00e0s 20h15.<\/p>\n","protected":false},"excerpt":{"rendered":"<p>Por GLOBOESPORTE.COM Est\u00e2ncia, SE No segundo turno do Campeonato Sergipano o Boca J\u00fanior ser\u00e1 um pouco diferente. S\u00f3 um pouco. A diretoria manteve a aposta no t\u00e9cnico Pedrinho, mas refor\u00e7ou a comiss\u00e3o t\u00e9cnica. Liberou tr\u00eas jogadores e contratou quatro. Dois deles seus nomes ainda n\u00e3o foram revelados. Os que n\u00e3o vestem mais a camisa do [&hellip;]<\/p>\n","protected":false},"author":1,"featured_media":44261,"comment_status":"closed","ping_status":"closed","sticky":false,"template":"","format":"standard","meta":{"footnotes":""},"categories":[39,8],"tags":[],"class_list":{"0":"post-44260","1":"post","2":"type-post","3":"status-publish","4":"format-standard","5":"has-post-thumbnail","7":"category-esporte","8":"category-esporte-e-cultura"},"_links":{"self":[{"href":"https:\/\/senoticias.com.br\/se\/wp-json\/wp\/v2\/posts\/44260"}],"collection":[{"href":"https:\/\/senoticias.com.br\/se\/wp-json\/wp\/v2\/posts"}],"about":[{"href":"https:\/\/senoticias.com.br\/se\/wp-json\/wp\/v2\/types\/post"}],"author":[{"embeddable":true,"href":"https:\/\/senoticias.com.br\/se\/wp-json\/wp\/v2\/users\/1"}],"replies":[{"embeddable":true,"href":"https:\/\/senoticias.com.br\/se\/wp-json\/wp\/v2\/comments?post=44260"}],"version-history":[{"count":0,"href":"https:\/\/senoticias.com.br\/se\/wp-json\/wp\/v2\/posts\/44260\/revisions"}],"wp:featuredmedia":[{"embeddable":true,"href":"https:\/\/senoticias.com.br\/se\/wp-json\/wp\/v2\/media\/44261"}],"wp:attachment":[{"href":"https:\/\/senoticias.com.br\/se\/wp-json\/wp\/v2\/media?parent=44260"}],"wp:term":[{"taxonomy":"category","embeddable":true,"href":"https:\/\/senoticias.com.br\/se\/wp-json\/wp\/v2\/categories?post=44260"},{"taxonomy":"post_tag","embeddable":true,"href":"https:\/\/senoticias.com.br\/se\/wp-json\/wp\/v2\/tags?post=44260"}],"curies":[{"name":"wp","href":"https:\/\/api.w.org\/{rel}","templated":true}]}}