{"id":44244,"date":"2013-02-11T12:15:11","date_gmt":"2013-02-11T15:15:11","guid":{"rendered":"http:\/\/senoticias.com.br\/se\/?p=44244"},"modified":"2013-02-12T13:27:35","modified_gmt":"2013-02-12T16:27:35","slug":"papa-bento-xvi-vai-renunciar-ao-pontificado-em-28-de-fevereiro","status":"publish","type":"post","link":"https:\/\/senoticias.com.br\/se\/papa-bento-xvi-vai-renunciar-ao-pontificado-em-28-de-fevereiro\/","title":{"rendered":"Papa Bento XVI renuncia e sair\u00e1 dia 28"},"content":{"rendered":"<p><strong>Do G1, em S\u00e3o Paulo<\/strong><\/p>\n<div id=\"attachment_44247\" style=\"width: 310px\" class=\"wp-caption alignleft\"><a href=\"http:\/\/senoticias.com.br\/se\/wp-content\/uploads\/2013\/02\/images-cms-image-000303458.jpg\"><img loading=\"lazy\" decoding=\"async\" aria-describedby=\"caption-attachment-44247\" class=\"size-medium wp-image-44247\" title=\"\" src=\"http:\/\/senoticias.com.br\/se\/wp-content\/uploads\/2013\/02\/images-cms-image-000303458-300x107.jpg\" alt=\"\" width=\"300\" height=\"107\" srcset=\"https:\/\/senoticias.com.br\/se\/wp-content\/uploads\/2013\/02\/images-cms-image-000303458-300x107.jpg 300w, https:\/\/senoticias.com.br\/se\/wp-content\/uploads\/2013\/02\/images-cms-image-000303458-342x122.jpg 342w, https:\/\/senoticias.com.br\/se\/wp-content\/uploads\/2013\/02\/images-cms-image-000303458.jpg 500w\" sizes=\"(max-width: 300px) 100vw, 300px\" \/><\/a><p id=\"caption-attachment-44247\" class=\"wp-caption-text\">SEM FOR\u00c7AS, BENTO XVI RENUNCIA AO PONTIFICADO. (Foto: Brasil 247)<\/p><\/div>\n<p style=\"text-align: justify;\">O discurso foi feito entre as 11h30 e 11h40 locais (8h30 e 8h40 do hor\u00e1rio brasileiro de ver\u00e3o), segundo o Vaticano. A R\u00e1dio Vaticana publicou o \u00e1udio.<\/p>\n<p style=\"text-align: justify;\">O Vaticano afirmou que o papado, exercido pelo te\u00f3logo alem\u00e3o desde 2005, vai ficar vago at\u00e9 que o sucessor seja escolhido, o que se espera que ocorra &#8220;o mais r\u00e1pido poss\u00edvel&#8221; e at\u00e9 a P\u00e1scoa, segundo o porta-voz Federico Lombardi.<\/p>\n<p style=\"text-align: justify;\">Em comunicado, Bento XVI, que tem 85 anos, afirmou que vai deixar a lideran\u00e7a da Igreja Cat\u00f3lica Apost\u00f3lica Romana devido \u00e0 idade avan\u00e7ada, por &#8220;n\u00e3o ter mais for\u00e7as&#8221; para exercer as obriga\u00e7\u00f5es do cargo.<\/p>\n<p style=\"text-align: justify;\">O Vaticano negou que uma doen\u00e7a tenha sido o\u00a0motivo\u00a0da ren\u00fancia.<\/p>\n<p style=\"text-align: justify;\">O pont\u00edfice afirmou que est\u00e1 &#8220;totalmente consciente&#8221; da gravidade de seu gesto.<\/p>\n<p style=\"text-align: justify;\">&#8220;Por essa raz\u00e3o, e bem consciente da seriedade desse ato, com total liberdade declaro que renuncio ao minist\u00e9rio como Bispo de Roma, sucessor de S\u00e3o Pedro&#8221;, disse Joseph Ratzinger, segundo comunicado do Vaticano.<\/p>\n<p style=\"text-align: justify;\">Na v\u00e9spera, Bento XVI escreveu em sua conta no Twitter: &#8220;Devemos confiar no maravilhoso poder da miseric\u00f3rdia de Deus. Somos todos pecadores, mas Sua gra\u00e7a nos transforma e renova&#8221;.<\/p>\n<p style=\"text-align: justify;\">Sucessor de Jo\u00e3o Paulo II, Bento XVI havia assumido o papado em 19 de abril de 2005, com 78 anos.<br \/>\nO Vaticano afirmou que a ren\u00fancia vai se formalizar \u00e0s 20h locais de 28 de fevereiro (17h do hor\u00e1rio brasileiro de ver\u00e3o).<br \/>\nAt\u00e9 l\u00e1, o Papa estar\u00e1 &#8220;totalmente encarregado&#8221; dos assuntos da igreja e ir\u00e1 cumprir os compromissos j\u00e1 agendados.<\/p>\n<p style=\"text-align: justify;\"><a href=\"http:\/\/g1.globo.com\/mundo\/noticia\/2013\/02\/entenda-como-sera-o-processo-de-sucessao-do-papa.html\" target=\"_blank\">O novo Papa ser\u00e1 escolhido pelo conclave de cardeais, como de costume.<\/a><\/p>\n<p style=\"text-align: justify;\"><strong>Decis\u00e3o surpreendente<\/strong><\/p>\n<p style=\"text-align: justify;\"><a href=\"http:\/\/senoticias.com.br\/se\/wp-content\/uploads\/2013\/02\/renuncia-papav2.jpg\"><img loading=\"lazy\" decoding=\"async\" class=\"alignleft size-large wp-image-44246\" title=\"renuncia-papav2\" src=\"http:\/\/senoticias.com.br\/se\/wp-content\/uploads\/2013\/02\/renuncia-papav2-228x1024.jpg\" alt=\"\" width=\"228\" height=\"1024\" \/><\/a>O porta-voz do Vaticano disse que a decis\u00e3o do Papa surpreendeu a todos do seu c\u00edrculo mais pr\u00f3ximo.<br \/>\nEle afirmou que, ap\u00f3s a ren\u00fancia, Bento XVI vai \u00e0 resid\u00eancia papal de ver\u00e3o, em Castel Gandolfo, pr\u00f3ximo a Roma, e depois ir\u00e1 morar em um mosteiro dentro do Vaticano, que vai ser reformado para receb\u00ea-lo.<\/p>\n<p style=\"text-align: justify;\">Lombardi tamb\u00e9m disse que Bento XVI n\u00e3o vai participar do conclave, a reuni\u00e3o a portas fechadas que vai escolher seu sucessor.<br \/>\nO porta-voz afirmou que Bento XVI mostrou &#8220;grande coragem&#8221; no seu gesto, e descartou que uma depress\u00e3o tenha sido o motivo da ren\u00fancia.<\/p>\n<p style=\"text-align: justify;\">Lombardi descartou que Bento XVI v\u00e1 interferir no papado de seu sucessor.<\/p>\n<p style=\"text-align: justify;\"><strong>Apar\u00eancia fr\u00e1gil<\/strong><\/p>\n<p style=\"text-align: justify;\">Nos \u00faltimos meses, o Papa parecia cada vez mais fr\u00e1gil em suas apari\u00e7\u00f5es p\u00fablicas, muitas vezes precisando de ajuda para caminhar.<br \/>\nEm seu livro de entrevistas publicado em 2010, Bento XVI j\u00e1 havia falado sobre a possibilidade de renunciar caso n\u00e3o tivesse condi\u00e7\u00f5es de continuar no cargo.<\/p>\n<p style=\"text-align: justify;\"><strong>Crises no pontificado<\/strong><\/p>\n<p style=\"text-align: justify;\">Bento XVI, ou Joseph Ratzinger, foi eleito para suceder Jo\u00e3o Paulo II, um dos pont\u00edfices mais populares da hist\u00f3ria.<br \/>\nEle foi escolhido em 19 de abril de 2005, quando tinha 78 anos, 20 anos mais idoso do que seu predecessor quando foi eleito.<\/p>\n<p style=\"text-align: justify;\">O papado do conservador alem\u00e3o foi marcado por algumas crises, com v\u00e1rias den\u00fancias de abuso sexual de crian\u00e7as e adolescentes e acobertamento por parte do clero cat\u00f3lico em v\u00e1rios pa\u00edses, que abalou a igreja, por um discurso que desagradou mu\u00e7ulmanos e tamb\u00e9m por um esc\u00e2ndalo envolvendo o vazamento de documentos privados atrav\u00e9s de seu mordomo pessoal, o chamado &#8220;VatiLeaks&#8221;, que revelou os bastidores da luta interna pelo poder na Santa S\u00e9.<\/p>\n<p style=\"text-align: justify;\">Os esc\u00e2ndalos de pedofilia o levaram, em v\u00e1rias ocasi\u00f5es, a expressar um perd\u00e3o p\u00fablico \u00e0s v\u00edtimas desses crimes e a reconhecer, durante sua viagem a Portugal, em maio de 2010, que a maior persegui\u00e7\u00e3o que sofria a Igreja n\u00e3o vinha de seus &#8220;inimigos externos&#8221; e sim de seus &#8220;pr\u00f3prios pecados&#8221;. Na ocasi\u00e3o, ele prometeu que os culpados responderiam &#8220;ante Deus e a justi\u00e7a ordin\u00e1ria&#8221; pelos crimes.<br \/>\nComo Papa, Bento XVI tomou medidas que confirmaram o seu perfil conservador,, como autorizar a missa em latim, em setembro de 200.<\/p>\n<p style=\"text-align: justify;\">Em janeiro de 2009, ele suspendeu a excomunh\u00e3o de quatro bispos integristas do movimento ultraconservador de Marcel Lefebvre, entre eles o brit\u00e2nico Richard Williamson, que nega a exist\u00eancia do Holocausto nazista.<br \/>\nEm duas ocasi\u00f5es, Bento XVI visitou a Am\u00e9rica Latina.<\/p>\n<p style=\"text-align: justify;\">A primeira em maio de 2007, para assistir \u00e0 assembleia geral da Confer\u00eancia Episcopal da Am\u00e9rica Latina e do Caribe (Celam), celebrada na cidade de Aparecida, S\u00e3o Paulo.<\/p>\n<p style=\"text-align: justify;\">Nessa ocasi\u00e3o, ele negou nessa ocasi\u00e3o que a religi\u00e3o cat\u00f3lica tivesse sido imposta pela for\u00e7a aos povos americanos, o que lhe valeu duras cr\u00edticas de religiosos e laicos que recordaram as atrocidades cometidas pelos conquistadores da Am\u00e9rica em nome da f\u00e9.<br \/>\nEm mar\u00e7o de 2012, ele visitou o M\u00e9xico e Cuba, onde defendeu a liberdade e os direitos da Igreja e recordou a primeira e hist\u00f3rica visita de Jo\u00e3o Paulo II \u00e0 ilha comunista em 1998.<\/p>\n<p style=\"text-align: justify;\">Entre 2007 e 2012, o papa te\u00f3logo publicou tr\u00eas livros sobre a vida de Jesus, a partir de dados fundamentais oferecidos nos Evangelhos e em outros escritos do Novo Testamento.<\/p>\n<p style=\"text-align: justify;\">Neles, reflete sobre a figura de Jesus Cristo na qualidade de te\u00f3logo, n\u00e3o como sumo pont\u00edfice da Igreja Cat\u00f3lica, um imponente exerc\u00edcio intelectual, que, al\u00e9m disso, foi um \u00eaxito internacional de vendas.<\/p>\n<p style=\"text-align: justify;\">Bento XVI escreveu tr\u00eas enc\u00edclicas: &#8220;Deus caritas est&#8221; (Deus \u00e9 caridade, 2005), sobre a caridade e o amor divino, &#8220;Spe salvi&#8221; (Salvos pela esperan\u00e7a, 2007), na qual faz uma autocr\u00edtica ao cristianismo moderno e analisa principalmente o pessimismo e o materialismo que sacode os europeus, e &#8220;Caritas in veritate&#8221; (Na caridade e na verdade, 2009).<\/p>\n<p style=\"text-align: justify;\">O Papa era aguardado no Rio de Janeiro em julho deste ano, onde iria participar da Jornada Mundial da Juventude, que vai reunir jovens cat\u00f3licos do mundo inteiro. A Arquidiocese do Rio afirmou que a ren\u00fancia do Papa n\u00e3o vai mudar a programa\u00e7\u00e3o do evento.<\/p>\n<p style=\"text-align: justify;\"><span style=\"color: #333333;\"><strong>Leia a \u00edntegra do discurso em que o Papa anunciou sua ren\u00fancia:<\/strong><\/span><\/p>\n<p style=\"text-align: justify;\"><strong>&#8220;Caros irm\u00e3os:<\/strong><\/p>\n<p style=\"text-align: justify;\">Convoquei-os para este consit\u00f3rio, n\u00e3o apenas para as tr\u00eas canoniza\u00e7\u00f5es, mas tamb\u00e9m para comunicar a voc\u00eas uma decis\u00e3o de grande import\u00e2ncia para a vida da Igreja. Ap\u00f3s ter repetidamente examinado minha consci\u00eancia perante Deus, eu tive certeza de que minhas for\u00e7as, devido \u00e0 avan\u00e7ada idade, n\u00e3o s\u00e3o mais apropriadas para o adequado exerc\u00edcio do minist\u00e9rio de Pedro. Eu estou bem consciente de qu esse minist\u00e9rio, devido \u00e0 sua natureza essencialmente espiritual, deve ser levado n\u00e3o apenas com com palavras e fatos, mas n\u00e3o menos com ora\u00e7\u00e3o e sofrimento. Contudo, no mundo de hoje, sujeito a mudan\u00e7as t\u00e3o r\u00e1pidas e abalado por quest\u00f5es de profunda relev\u00e2ncia para a vida da f\u00e9, para governar a barca de S\u00e3o Pedro e proclamar o Evangelho, \u00e9 necess\u00e1rio tanto for\u00e7a da mente como do corpo, o que, nos \u00faltimos meses, se deteriorou em mim numa extens\u00e3o em que eu tenho de reconhecer minha incapacidade de adequadamente cumprir o minist\u00e9rio a mim confiado. Por essa raz\u00e3o, e bem consciente da seriedade desse ato, com plena liberdade, declaro que renuncio ao minist\u00e9rio como Bispo de Roma, sucessor de S\u00e3o Pedro, confiado a mim pelos cardeais em 19 de abril de 2005, pelo qual a partir de 28 de fevereiro de 2013, \u00e0s 20h, a S\u00e9 de Roma, a S\u00e9 de S\u00e3o Pedro, vai estar vaga e um conclave para eleger o novo Sumo Pont\u00edfice ter\u00e1 de ser convocado por quem tem compet\u00eancia para isso.<\/p>\n<p style=\"text-align: justify;\">Caros irm\u00e3os, agrade\u00e7o sinceramente por todo o amor e trabalho com que voc\u00eas me apoiaram em meu minist\u00e9rio, e pe\u00e7o perd\u00e3o por todos os meus defeitos. E agora, vamos confiar a Sagrada Igreja aos cuidados de nosso Supremo Pastor, Nosso Senhor Jesus Cristo, e implorar a sua santa m\u00e3e Maria para que ajude os cardeiais com sua solicitude maternal, para eleger um novo Sumo Pont\u00edfice. Em rela\u00e7\u00e3o a mim, desejo tamb\u00e9m devotamente servir a Santa Igreja de Deus no futuro, atrav\u00e9s de uma vida dedicada \u00e0 ora\u00e7\u00e3o.<\/p>\n<p style=\"text-align: justify;\">Vaticano, 10 de fevereiro de 2013.<\/p>\n<p style=\"text-align: justify;\">BENEDICTUS PP. XVI&#8221;<\/p>\n","protected":false},"excerpt":{"rendered":"<p>Do G1, em S\u00e3o Paulo O discurso foi feito entre as 11h30 e 11h40 locais (8h30 e 8h40 do hor\u00e1rio brasileiro de ver\u00e3o), segundo o Vaticano. A R\u00e1dio Vaticana publicou o \u00e1udio. O Vaticano afirmou que o papado, exercido pelo te\u00f3logo alem\u00e3o desde 2005, vai ficar vago at\u00e9 que o sucessor seja escolhido, o que [&hellip;]<\/p>\n","protected":false},"author":1,"featured_media":44247,"comment_status":"closed","ping_status":"closed","sticky":false,"template":"","format":"standard","meta":{"footnotes":""},"categories":[310,46,1,43],"tags":[],"class_list":{"0":"post-44244","1":"post","2":"type-post","3":"status-publish","4":"format-standard","5":"has-post-thumbnail","7":"category-destaques-da-semana","8":"category-religiao","9":"category-sem-categoria","10":"category-voce-reporter"},"_links":{"self":[{"href":"https:\/\/senoticias.com.br\/se\/wp-json\/wp\/v2\/posts\/44244"}],"collection":[{"href":"https:\/\/senoticias.com.br\/se\/wp-json\/wp\/v2\/posts"}],"about":[{"href":"https:\/\/senoticias.com.br\/se\/wp-json\/wp\/v2\/types\/post"}],"author":[{"embeddable":true,"href":"https:\/\/senoticias.com.br\/se\/wp-json\/wp\/v2\/users\/1"}],"replies":[{"embeddable":true,"href":"https:\/\/senoticias.com.br\/se\/wp-json\/wp\/v2\/comments?post=44244"}],"version-history":[{"count":0,"href":"https:\/\/senoticias.com.br\/se\/wp-json\/wp\/v2\/posts\/44244\/revisions"}],"wp:featuredmedia":[{"embeddable":true,"href":"https:\/\/senoticias.com.br\/se\/wp-json\/wp\/v2\/media\/44247"}],"wp:attachment":[{"href":"https:\/\/senoticias.com.br\/se\/wp-json\/wp\/v2\/media?parent=44244"}],"wp:term":[{"taxonomy":"category","embeddable":true,"href":"https:\/\/senoticias.com.br\/se\/wp-json\/wp\/v2\/categories?post=44244"},{"taxonomy":"post_tag","embeddable":true,"href":"https:\/\/senoticias.com.br\/se\/wp-json\/wp\/v2\/tags?post=44244"}],"curies":[{"name":"wp","href":"https:\/\/api.w.org\/{rel}","templated":true}]}}