{"id":44240,"date":"2013-02-11T12:01:56","date_gmt":"2013-02-11T15:01:56","guid":{"rendered":"http:\/\/senoticias.com.br\/se\/?p=44240"},"modified":"2013-02-12T08:31:52","modified_gmt":"2013-02-12T11:31:52","slug":"pirambu-se-transforma-num-caldeirao-de-alegria","status":"publish","type":"post","link":"https:\/\/senoticias.com.br\/se\/pirambu-se-transforma-num-caldeirao-de-alegria\/","title":{"rendered":"Pirambu se transforma num caldeir\u00e3o de alegria"},"content":{"rendered":"<p><span style=\"color: #333333;\"><strong>Bandas de Frevo, Arrast\u00f5es nos trios e shows na Pra\u00e7a embalam os foli\u00f5es<\/strong><\/span><\/p>\n<p style=\"text-align: justify;\"><a href=\"http:\/\/senoticias.com.br\/se\/wp-content\/uploads\/2013\/02\/carnaval_004.jpg\"><img loading=\"lazy\" decoding=\"async\" class=\"alignleft size-medium wp-image-44241\" title=\"carnaval_004\" src=\"http:\/\/senoticias.com.br\/se\/wp-content\/uploads\/2013\/02\/carnaval_004-300x225.jpg\" alt=\"\" width=\"300\" height=\"225\" srcset=\"https:\/\/senoticias.com.br\/se\/wp-content\/uploads\/2013\/02\/carnaval_004-300x225.jpg 300w, https:\/\/senoticias.com.br\/se\/wp-content\/uploads\/2013\/02\/carnaval_004-342x256.jpg 342w, https:\/\/senoticias.com.br\/se\/wp-content\/uploads\/2013\/02\/carnaval_004-60x45.jpg 60w, https:\/\/senoticias.com.br\/se\/wp-content\/uploads\/2013\/02\/carnaval_004-150x113.jpg 150w, https:\/\/senoticias.com.br\/se\/wp-content\/uploads\/2013\/02\/carnaval_004-269x201.jpg 269w, https:\/\/senoticias.com.br\/se\/wp-content\/uploads\/2013\/02\/carnaval_004.jpg 480w\" sizes=\"(max-width: 300px) 100vw, 300px\" \/><\/a>A menos de 20km da Capital sergipana, no Litoral Norte do Estado, a cidade de Pirambu volta a ser o palco dos grandes carnavais, criados pelo hoje Deputado Federal, Andr\u00e9 Moura, \u00e0 \u00e9poca prefeito, a alegria voltou com a nova Gest\u00e3o de Elinho Martins (PSC). \u201cEsse \u00e9 um dos nossos compromissos, trazer de volta a alegria da nossa gente. A tristeza que tomou conta da cidade nos \u00faltimos anos, agora, definitivamente est\u00e1 no passado. De hoje em diante \u00e9 s\u00f3 alegria\u201d. Disse euf\u00f3rico, durante um dos arrast\u00f5es no trio el\u00e9trico, o Prefeito.<\/p>\n<p style=\"text-align: justify;\">\u201cO carnaval para Pirambu n\u00e3o \u00e9 s\u00f3 uma festa. \u00c9 a oportunidade que nossa gente tem de obter uma excelente renda, tanto com a venda de produtos aos visitantes, como principalmente com o aluguel de casas, um neg\u00f3cio que pode variar entre R$ 1,5 a R$ 8 mil por resid\u00eancia\u201d. Comemora o Deputado Federal, Andr\u00e9 Moura (PSC), que recebeu dezenas de pol\u00edticos, vindos de todas as cidades sergipanas, a exemplo do deputado <a href=\"http:\/\/senoticias.com.br\/se\/wp-content\/uploads\/2013\/02\/carnaval_005.jpg\"><img loading=\"lazy\" decoding=\"async\" class=\"alignleft size-medium wp-image-44242\" title=\"carnaval_005\" src=\"http:\/\/senoticias.com.br\/se\/wp-content\/uploads\/2013\/02\/carnaval_005-300x225.jpg\" alt=\"\" width=\"300\" height=\"225\" srcset=\"https:\/\/senoticias.com.br\/se\/wp-content\/uploads\/2013\/02\/carnaval_005-300x225.jpg 300w, https:\/\/senoticias.com.br\/se\/wp-content\/uploads\/2013\/02\/carnaval_005-342x256.jpg 342w, https:\/\/senoticias.com.br\/se\/wp-content\/uploads\/2013\/02\/carnaval_005-60x45.jpg 60w, https:\/\/senoticias.com.br\/se\/wp-content\/uploads\/2013\/02\/carnaval_005-150x113.jpg 150w, https:\/\/senoticias.com.br\/se\/wp-content\/uploads\/2013\/02\/carnaval_005-269x201.jpg 269w, https:\/\/senoticias.com.br\/se\/wp-content\/uploads\/2013\/02\/carnaval_005.jpg 480w\" sizes=\"(max-width: 300px) 100vw, 300px\" \/><\/a>estadual, Augusto Bezerra (DEM) e do Prefeito de Areia Branca, Agripino e o Vereador D\u00e9cio Neto (PPS), de Carm\u00f3polis.<\/p>\n<p style=\"text-align: justify;\">Al\u00e9m de receber os milhares de foli\u00f5es, que transformam as ruas da cidade num verdadeiro mar de gente, brincando atr\u00e1s dos trios, nos famosos arrast\u00f5es, iniciados com o cantor sergipano, Cid Natureza, e levar ao del\u00edrio os foli\u00f5es na Pra\u00e7a de Eventos, com shows de artistas sergipanos e algumas atra\u00e7\u00f5es nacionais, a Prefeitura de Pirambu, atrav\u00e9s da Secretaria de A\u00e7\u00e3o Social, realizou o carnaval do bloco da \u201cMelhor Idade\u201d, patrocinando a alegria dos idosos que j\u00e1 come\u00e7aram a receber a aten\u00e7\u00e3o da Nova Gest\u00e3o. \u201cFico muito feliz em poder, junto com meus colaboradores, proporcionar a alegria para as pessoas idosas\u201d. Disse Patr\u00edcia Moura, Secret\u00e1ria de A\u00e7\u00e3o Social de Pirambu.<\/p>\n<p style=\"text-align: justify;\"><span style=\"color: #333333;\"><strong>Fotos: Ascom\/Pirambu<\/strong><\/span><\/p>\n<p style=\"text-align: justify;\"><span style=\"color: #333333;\"><strong>Secretaria de Comunica\u00e7\u00e3o\/Prefeitura de Pirambu<\/strong><\/span><\/p>\n","protected":false},"excerpt":{"rendered":"<p>Bandas de Frevo, Arrast\u00f5es nos trios e shows na Pra\u00e7a embalam os foli\u00f5es A menos de 20km da Capital sergipana, no Litoral Norte do Estado, a cidade de Pirambu volta a ser o palco dos grandes carnavais, criados pelo hoje Deputado Federal, Andr\u00e9 Moura, \u00e0 \u00e9poca prefeito, a alegria voltou com a nova Gest\u00e3o de [&hellip;]<\/p>\n","protected":false},"author":1,"featured_media":44241,"comment_status":"closed","ping_status":"closed","sticky":false,"template":"","format":"standard","meta":{"footnotes":""},"categories":[48,310],"tags":[],"class_list":{"0":"post-44240","1":"post","2":"type-post","3":"status-publish","4":"format-standard","5":"has-post-thumbnail","7":"category-carnaval-2012","8":"category-destaques-da-semana"},"_links":{"self":[{"href":"https:\/\/senoticias.com.br\/se\/wp-json\/wp\/v2\/posts\/44240"}],"collection":[{"href":"https:\/\/senoticias.com.br\/se\/wp-json\/wp\/v2\/posts"}],"about":[{"href":"https:\/\/senoticias.com.br\/se\/wp-json\/wp\/v2\/types\/post"}],"author":[{"embeddable":true,"href":"https:\/\/senoticias.com.br\/se\/wp-json\/wp\/v2\/users\/1"}],"replies":[{"embeddable":true,"href":"https:\/\/senoticias.com.br\/se\/wp-json\/wp\/v2\/comments?post=44240"}],"version-history":[{"count":0,"href":"https:\/\/senoticias.com.br\/se\/wp-json\/wp\/v2\/posts\/44240\/revisions"}],"wp:featuredmedia":[{"embeddable":true,"href":"https:\/\/senoticias.com.br\/se\/wp-json\/wp\/v2\/media\/44241"}],"wp:attachment":[{"href":"https:\/\/senoticias.com.br\/se\/wp-json\/wp\/v2\/media?parent=44240"}],"wp:term":[{"taxonomy":"category","embeddable":true,"href":"https:\/\/senoticias.com.br\/se\/wp-json\/wp\/v2\/categories?post=44240"},{"taxonomy":"post_tag","embeddable":true,"href":"https:\/\/senoticias.com.br\/se\/wp-json\/wp\/v2\/tags?post=44240"}],"curies":[{"name":"wp","href":"https:\/\/api.w.org\/{rel}","templated":true}]}}