{"id":44237,"date":"2013-02-11T07:20:45","date_gmt":"2013-02-11T10:20:45","guid":{"rendered":"http:\/\/senoticias.com.br\/se\/?p=44237"},"modified":"2013-02-11T14:49:03","modified_gmt":"2013-02-11T17:49:03","slug":"morre-2%c2%aa-vitima-de-acidente-com-trio-eletrico-em-nossa-senhora-do-socorro","status":"publish","type":"post","link":"https:\/\/senoticias.com.br\/se\/morre-2%c2%aa-vitima-de-acidente-com-trio-eletrico-em-nossa-senhora-do-socorro\/","title":{"rendered":"Morre 2\u00aa v\u00edtima de acidente com trio el\u00e9trico em Nossa Senhora do Socorro"},"content":{"rendered":"<p>&nbsp;<\/p>\n<div id=\"attachment_44238\" style=\"width: 606px\" class=\"wp-caption aligncenter\"><a href=\"http:\/\/senoticias.com.br\/se\/wp-content\/uploads\/2013\/02\/acidentetrioeletrico1.jpg\"><img loading=\"lazy\" decoding=\"async\" aria-describedby=\"caption-attachment-44238\" class=\"size-full wp-image-44238\" title=\"acidentetrioeletrico\" src=\"http:\/\/senoticias.com.br\/se\/wp-content\/uploads\/2013\/02\/acidentetrioeletrico1.jpg\" alt=\"\" width=\"596\" height=\"442\" srcset=\"https:\/\/senoticias.com.br\/se\/wp-content\/uploads\/2013\/02\/acidentetrioeletrico1.jpg 596w, https:\/\/senoticias.com.br\/se\/wp-content\/uploads\/2013\/02\/acidentetrioeletrico1-300x222.jpg 300w, https:\/\/senoticias.com.br\/se\/wp-content\/uploads\/2013\/02\/acidentetrioeletrico1-342x253.jpg 342w, https:\/\/senoticias.com.br\/se\/wp-content\/uploads\/2013\/02\/acidentetrioeletrico1-60x45.jpg 60w\" sizes=\"(max-width: 596px) 100vw, 596px\" \/><\/a><p id=\"caption-attachment-44238\" class=\"wp-caption-text\">Motorista tentou frear o ve\u00edculo, que s\u00f3 parou ao bater em um carro da pol\u00edcia (Foto: Wesley Torres\/Arquivo Pessoal)<\/p><\/div>\n<p style=\"text-align: justify;\">Morreu neste domingo Isa\u00edas de Oliveira Neto, de 11 anos no HUSE. A v\u00edtima estava internada no HUSE, ap\u00f3s o acidente com um trio el\u00e9trico, em Nossa Senhora do Socorro, que j\u00e1 havia matado 1 pessoa. O hospital n\u00e3o informou a causa do falecimento.<\/p>\n<p><strong>Entenda o caso<\/strong><\/p>\n<p style=\"text-align: justify;\">Um <strong><a href=\"http:\/\/senoticias.com.br\/se\/?p=44225\" target=\"_blank\">trio el\u00e9trico desgovernado<\/a><\/strong> atropelou cerca de 15 foli\u00f5es que brincavam o carnaval no in\u00edcio da tarde deste domingo (10), no Conjunto Jardim em Nossa Senhora do Socorro (SE), na regi\u00e3o metropolitana de Aracaju. De acordo com a pol\u00edcia, o ve\u00edculo ficou sem freios e o condutor n\u00e3o conseguiu control\u00e1-lo. Um menino de 11 anos, que foi atingido pelo trio, n\u00e3o resistiu aos ferimentos e acabou morrendo no Hospital de Urg\u00eancia de Sergipe (HUSE), na Zona Oeste da capital.<\/p>\n<p style=\"text-align: justify;\">Segundo a pol\u00edcia, o acidente aconteceu por volta das 13h, quando centenas de pessoas acompanhavam os festejos carnavalescos na Avenida B. O condutor do trio tentou de diversas maneiras parar o ve\u00edculo, mas n\u00e3o conseguiu.<\/p>\n<p style=\"text-align: justify;\">Ambul\u00e2ncias do Servi\u00e7o de Atendimento M\u00f3vel de Urg\u00eancia (SAMU) foram acionadas e ajudaram as equipes de sa\u00fade do munic\u00edpio no atendimento \u00e0s v\u00edtimas. Outro menino, tamb\u00e9m de 11 anos, foi levado para o HUSE em estado grave. Ele passa por uma cirurgia e deve ter uma das pernas amputada. Outras tr\u00eas pessoas permanecem internadas em observa\u00e7\u00e3o no hospital. Os demais feridos, que tiveram escoria\u00e7\u00f5es leves, foram atendidos pelas equipes no local e liberados em seguida.<\/p>\n<p style=\"text-align: justify;\">Ainda de acordo com a pol\u00edcia, o condutor do trio pediu ajuda aos policiais que realizavam a seguran\u00e7a no local para parar o ve\u00edculo.Um deles utilizou uma viatura, que seguia em frente ao trio, como obst\u00e1culo e assim conseguiu fazer com que o ve\u00edculo desgovernado parasse. Com o impacto da batida entre os ve\u00edculos, o policial militar teve uma les\u00e3o nas costas e precisou ser removido por uma ambul\u00e2ncia e encaminhado ao HUSE.<\/p>\n<p style=\"text-align: justify;\"><span style=\"color: #333333;\"><strong>Com informa\u00e7\u00f5es do G1 SE<\/strong><\/span><\/p>\n","protected":false},"excerpt":{"rendered":"<p>&nbsp; Morreu neste domingo Isa\u00edas de Oliveira Neto, de 11 anos no HUSE. A v\u00edtima estava internada no HUSE, ap\u00f3s o acidente com um trio el\u00e9trico, em Nossa Senhora do Socorro, que j\u00e1 havia matado 1 pessoa. O hospital n\u00e3o informou a causa do falecimento. Entenda o caso Um trio el\u00e9trico desgovernado atropelou cerca de [&hellip;]<\/p>\n","protected":false},"author":1,"featured_media":44238,"comment_status":"closed","ping_status":"closed","sticky":false,"template":"","format":"standard","meta":{"footnotes":""},"categories":[7],"tags":[],"class_list":{"0":"post-44237","1":"post","2":"type-post","3":"status-publish","4":"format-standard","5":"has-post-thumbnail","7":"category-policia"},"_links":{"self":[{"href":"https:\/\/senoticias.com.br\/se\/wp-json\/wp\/v2\/posts\/44237"}],"collection":[{"href":"https:\/\/senoticias.com.br\/se\/wp-json\/wp\/v2\/posts"}],"about":[{"href":"https:\/\/senoticias.com.br\/se\/wp-json\/wp\/v2\/types\/post"}],"author":[{"embeddable":true,"href":"https:\/\/senoticias.com.br\/se\/wp-json\/wp\/v2\/users\/1"}],"replies":[{"embeddable":true,"href":"https:\/\/senoticias.com.br\/se\/wp-json\/wp\/v2\/comments?post=44237"}],"version-history":[{"count":0,"href":"https:\/\/senoticias.com.br\/se\/wp-json\/wp\/v2\/posts\/44237\/revisions"}],"wp:featuredmedia":[{"embeddable":true,"href":"https:\/\/senoticias.com.br\/se\/wp-json\/wp\/v2\/media\/44238"}],"wp:attachment":[{"href":"https:\/\/senoticias.com.br\/se\/wp-json\/wp\/v2\/media?parent=44237"}],"wp:term":[{"taxonomy":"category","embeddable":true,"href":"https:\/\/senoticias.com.br\/se\/wp-json\/wp\/v2\/categories?post=44237"},{"taxonomy":"post_tag","embeddable":true,"href":"https:\/\/senoticias.com.br\/se\/wp-json\/wp\/v2\/tags?post=44237"}],"curies":[{"name":"wp","href":"https:\/\/api.w.org\/{rel}","templated":true}]}}