{"id":44211,"date":"2013-02-10T07:19:57","date_gmt":"2013-02-10T10:19:57","guid":{"rendered":"http:\/\/senoticias.com.br\/se\/?p=44211"},"modified":"2013-02-10T07:38:46","modified_gmt":"2013-02-10T10:38:46","slug":"psb-nacional-planeja-candidatura-de-valadares-a-governador","status":"publish","type":"post","link":"https:\/\/senoticias.com.br\/se\/psb-nacional-planeja-candidatura-de-valadares-a-governador\/","title":{"rendered":"PSB Nacional planeja candidatura de Valadares a governador"},"content":{"rendered":"<p style=\"text-align: justify;\"><a href=\"http:\/\/senoticias.com.br\/se\/wp-content\/uploads\/2013\/02\/valor-logo.gif\"><img loading=\"lazy\" decoding=\"async\" class=\"alignleft size-full wp-image-44213\" title=\"Valor  \" src=\"http:\/\/senoticias.com.br\/se\/wp-content\/uploads\/2013\/02\/valor-logo.gif\" alt=\"\" width=\"66\" height=\"22\" \/><\/a><\/p>\n<p style=\"text-align: justify;\"><a href=\" http:\/\/noticias.uol.com.br\/ultimas-noticias\/valor\/2013\/02\/08\/eduardo-campos-prepara-saida-do-psb-do-governo-dilma.htm\" target=\"_blank\"><strong>Caio Junqueira<\/strong><\/a><\/p>\n<p style=\"text-align: justify;\">Se optar mesmo pela candidatura a presidente em 2014, o governador de Pernambuco e presidente nacional do PSB, Eduardo Campos, deve entregar os cargos no governo da presidente Dilma Rousseff no final deste ano.<\/p>\n<p style=\"text-align: justify;\">Essa foi umas das mensagens que passou a integrantes do partido recentemente no sentido de planejar sua pr\u00e9-campanha presidencial. Outro aspecto importante nesse sentido foi o mapeamento dos palanques estaduais. No desenho atual, s\u00e3o pelo menos 12 candidaturas pr\u00f3prias (Amap\u00e1, Bahia, Cear\u00e1, Distrito Federal, Esp\u00edrito Santo, Goi\u00e1s, Minas Gerais, Pernambuco, Para\u00edba, Rio Grande do Sul, <strong>Sergipe<\/strong> e Tocantins). Nos Estados em que as candidaturas n\u00e3o se viabilizarem, o partido negociar\u00e1 com os aliados.<\/p>\n<div id=\"attachment_34356\" style=\"width: 310px\" class=\"wp-caption alignleft\"><a href=\"http:\/\/senoticias.com.br\/se\/wp-content\/uploads\/2012\/06\/DSC_1460A.jpg\"><img loading=\"lazy\" decoding=\"async\" aria-describedby=\"caption-attachment-34356\" class=\"size-medium wp-image-34356\" title=\"Valadares \" src=\"http:\/\/senoticias.com.br\/se\/wp-content\/uploads\/2012\/06\/DSC_1460A-300x199.jpg\" alt=\"\" width=\"300\" height=\"199\" srcset=\"https:\/\/senoticias.com.br\/se\/wp-content\/uploads\/2012\/06\/DSC_1460A-300x199.jpg 300w, https:\/\/senoticias.com.br\/se\/wp-content\/uploads\/2012\/06\/DSC_1460A-342x227.jpg 342w, https:\/\/senoticias.com.br\/se\/wp-content\/uploads\/2012\/06\/DSC_1460A.jpg 638w\" sizes=\"(max-width: 300px) 100vw, 300px\" \/><\/a><p id=\"caption-attachment-34356\" class=\"wp-caption-text\">Senador Antonio Carlos Valadares. (Foto: Reinaldo Ferrigno)<\/p><\/div>\n<p style=\"text-align: justify;\">O PSB tamb\u00e9m trabalha para atrair lideran\u00e7as de outros partidos ainda neste ano. H\u00e1 conversas avan\u00e7adas com o prefeito de Manaus, Omar Aziz (PSD); de Campo Grande, Nelsinho Trad; o governador de Tocantins, Siqueira Campos (PSDB); e os deputados federais Fabio Trad (PMDB-MS) e Eduardo Gomes (PSDB-TO). O aliado considerado garantido \u00e9 o PDT, mas outros partidos m\u00e9dios, como PTB e PV, e outros menores, devem ser atra\u00eddos.<\/p>\n<p style=\"text-align: justify;\">A meta \u00e9 ter cinco dos 20 minutos do programa de televis\u00e3o. H\u00e1, inclusive, a perspectiva de ampliar a bancada ainda neste ano, mais especificamente em setembro, \u00faltimo m\u00eas para que as trocas partid\u00e1rias sejam feitas. O discurso de Campos para 2014 tamb\u00e9m vem sendo preparado. Vai focar a gest\u00e3o e a \u00e9tica.<\/p>\n<p style=\"text-align: justify;\">A ideia \u00e9 passar a mensagem de que seu grupo n\u00e3o aceita pr\u00e1ticas pol\u00edticas antigas e atrasadas, imagem que, na avalia\u00e7\u00e3o do partido, ficou refor\u00e7ada quando o PSB n\u00e3o apoiou nem Renan Calheiros (PMDB-AL) nem Henrique Alves (PMDB-RN) na sucess\u00e3o da C\u00e2mara e do Senado.<\/p>\n<p style=\"text-align: justify;\">Essa imagem vai ser explorada no programa partid\u00e1rio que deve ir ao ar em abril, totalmente focado em Eduardo Campos. O PSB tamb\u00e9m discute a troca do marqueteiro oficial do governador, Edson Barbosa, dono da ag\u00eancia Link, cuja rejei\u00e7\u00e3o no c\u00edrculo de Campos tem aumentado.<\/p>\n<p style=\"text-align: justify;\">(Caio Junqueira \/ Valor)<\/p>\n","protected":false},"excerpt":{"rendered":"<p>Caio Junqueira Se optar mesmo pela candidatura a presidente em 2014, o governador de Pernambuco e presidente nacional do PSB, Eduardo Campos, deve entregar os cargos no governo da presidente Dilma Rousseff no final deste ano. Essa foi umas das mensagens que passou a integrantes do partido recentemente no sentido de planejar sua pr\u00e9-campanha presidencial. [&hellip;]<\/p>\n","protected":false},"author":1,"featured_media":34356,"comment_status":"closed","ping_status":"closed","sticky":false,"template":"","format":"standard","meta":{"footnotes":""},"categories":[6,1],"tags":[],"class_list":{"0":"post-44211","1":"post","2":"type-post","3":"status-publish","4":"format-standard","5":"has-post-thumbnail","7":"category-politica","8":"category-sem-categoria"},"_links":{"self":[{"href":"https:\/\/senoticias.com.br\/se\/wp-json\/wp\/v2\/posts\/44211"}],"collection":[{"href":"https:\/\/senoticias.com.br\/se\/wp-json\/wp\/v2\/posts"}],"about":[{"href":"https:\/\/senoticias.com.br\/se\/wp-json\/wp\/v2\/types\/post"}],"author":[{"embeddable":true,"href":"https:\/\/senoticias.com.br\/se\/wp-json\/wp\/v2\/users\/1"}],"replies":[{"embeddable":true,"href":"https:\/\/senoticias.com.br\/se\/wp-json\/wp\/v2\/comments?post=44211"}],"version-history":[{"count":0,"href":"https:\/\/senoticias.com.br\/se\/wp-json\/wp\/v2\/posts\/44211\/revisions"}],"wp:featuredmedia":[{"embeddable":true,"href":"https:\/\/senoticias.com.br\/se\/wp-json\/wp\/v2\/media\/34356"}],"wp:attachment":[{"href":"https:\/\/senoticias.com.br\/se\/wp-json\/wp\/v2\/media?parent=44211"}],"wp:term":[{"taxonomy":"category","embeddable":true,"href":"https:\/\/senoticias.com.br\/se\/wp-json\/wp\/v2\/categories?post=44211"},{"taxonomy":"post_tag","embeddable":true,"href":"https:\/\/senoticias.com.br\/se\/wp-json\/wp\/v2\/tags?post=44211"}],"curies":[{"name":"wp","href":"https:\/\/api.w.org\/{rel}","templated":true}]}}