{"id":44169,"date":"2013-02-08T21:56:02","date_gmt":"2013-02-09T00:56:02","guid":{"rendered":"http:\/\/senoticias.com.br\/se\/?p=44169"},"modified":"2013-05-18T12:54:18","modified_gmt":"2013-05-18T15:54:18","slug":"assalto-termina-com-troca-de-tiros-fuga-e-morte-em-sao-cristovao","status":"publish","type":"post","link":"https:\/\/senoticias.com.br\/se\/assalto-termina-com-troca-de-tiros-fuga-e-morte-em-sao-cristovao\/","title":{"rendered":"Assalto termina com troca de tiros, fuga e morte em S\u00e3o Crist\u00f3v\u00e3o"},"content":{"rendered":"<p><em><strong><a href=\"  http:\/\/www.infonet.com.br\/cidade\/ler.asp?id=140381&amp;pagina=1\" target=\"_blank\">Via Portal Infonet<\/a><\/strong><\/em><\/p>\n<div id=\"attachment_21098\" style=\"width: 310px\" class=\"wp-caption alignleft\"><a href=\"http:\/\/senoticias.com.br\/se\/wp-content\/uploads\/2011\/12\/IML.jpg\"><img loading=\"lazy\" decoding=\"async\" aria-describedby=\"caption-attachment-21098\" class=\"size-medium wp-image-21098\" title=\"IML\" src=\"http:\/\/senoticias.com.br\/se\/wp-content\/uploads\/2011\/12\/IML-300x225.jpg\" alt=\"\" width=\"300\" height=\"225\" srcset=\"https:\/\/senoticias.com.br\/se\/wp-content\/uploads\/2011\/12\/IML-300x225.jpg 300w, https:\/\/senoticias.com.br\/se\/wp-content\/uploads\/2011\/12\/IML-342x256.jpg 342w, https:\/\/senoticias.com.br\/se\/wp-content\/uploads\/2011\/12\/IML-60x45.jpg 60w, https:\/\/senoticias.com.br\/se\/wp-content\/uploads\/2011\/12\/IML-150x113.jpg 150w, https:\/\/senoticias.com.br\/se\/wp-content\/uploads\/2011\/12\/IML-269x201.jpg 269w, https:\/\/senoticias.com.br\/se\/wp-content\/uploads\/2011\/12\/IML.jpg 500w\" sizes=\"(max-width: 300px) 100vw, 300px\" \/><\/a><p id=\"caption-attachment-21098\" class=\"wp-caption-text\">O corpo foi removido para o Instituto M\u00e9dico Legal (IML). (Reprodu\u00e7\u00e3o)<\/p><\/div>\n<p style=\"text-align: justify;\">Um suspeito de praticar um assalto contra um s\u00edtio localizado em S\u00e3o Crist\u00f3v\u00e3o foi morto no fim da tarde desta sexta-feira, 8. Luiz Carlos Nabuco dos Santos, 23, resistiu \u00e0 pris\u00e3o e junto com dois comparsas trocou tiros com a pol\u00edcia. Mesmo com ferimento, ele fugiu e posteriormente foi encontrado por familiares, que entregaram sua arma \u00e0 pol\u00edcia. Os demais suspeitos ainda n\u00e3o foram encontrados.<\/p>\n<p style=\"text-align: justify;\">O fato aconteceu pr\u00f3ximo ao povoado Alto da Divin\u00e9ia e segundo o delegado do munic\u00edpio, Jo\u00e3o Eduardo, o suspeito que morreu tinha condena\u00e7\u00e3o por latroc\u00ednio e estava cumprindo a pena em regime aberto. \u201cA \u00faltima informa\u00e7\u00e3o que tive \u00e9 que Luiz Carlos Nabuco estava preso em Areia Branca e foi condenado h\u00e1 11 anos\u201d, complementa o delegado.<\/p>\n<p style=\"text-align: justify;\">Com rela\u00e7\u00e3o aos demais suspeitos, Jo\u00e3o Eduardo revela que a pol\u00edcia j\u00e1 est\u00e1 em dilig\u00eancia para encontr\u00e1-los, e que j\u00e1 h\u00e1 pistas de quem sejam e de onde est\u00e3o. Questionado sobre a identifica\u00e7\u00e3o deles, o delegado preferiu manter em sigilo para n\u00e3o atrapalhar as investiga\u00e7\u00f5es.<\/p>\n<p style=\"text-align: justify;\">Para realizar a remo\u00e7\u00e3o do corpo, o Instituto M\u00e9dico Legal (IML) foi acionado e se dirige ao munic\u00edpio.<\/p>\n<p style=\"text-align: justify;\"><strong>Tr\u00eas mortes por acidente de moto<\/strong><\/p>\n<p style=\"text-align: justify;\">O Instituto M\u00e9dico Legal registrou nesta sexta-feira, 8, cinco mortes, das quais, tr\u00eas foram causadas por acidentes motocicl\u00edsticos. Jos\u00e9 de Matos sofreu uma queda de moto no munic\u00edpio de Antas na Bahia. Ele foi encaminhado ao Hospital de Urg\u00eancias de Sergipe (Huse), mas n\u00e3o resistiu e faleceu.<\/p>\n<p style=\"text-align: justify;\">Na rodovia que liga Itabaianinha e Tobias Barreto, uma queda de moto vitimou Walas Silva Campos, 19. Outra queda de moto na rodovia que liga Ilha das Flores e Umba\u00faba. A v\u00edtima foi um Paulo Ricardo Soares F\u00e9lix de 17 anos.<\/p>\n<p style=\"text-align: justify;\">Al\u00e9m dos acidentes motocicl\u00edsticos, um atropelamento e um homic\u00eddio. No Huse, outra v\u00edtima oriunda de acidente na Bahia. Josefa Maria de Jesus, 75, faleceu ap\u00f3s ter sido atropelada no munic\u00edpio de Adustina. No conjunto Jo\u00e3o Alves Filho, em Nossa Senhora do Socorro, Marcos Ant\u00f4nio da Silva, 42, foi v\u00edtima de disparos de arma de fogo.<\/p>\n<p><em><strong>Mat\u00e9ria postada originalmente no Portal Infonet<\/strong><\/em><\/p>\n","protected":false},"excerpt":{"rendered":"<p>Via Portal Infonet Um suspeito de praticar um assalto contra um s\u00edtio localizado em S\u00e3o Crist\u00f3v\u00e3o foi morto no fim da tarde desta sexta-feira, 8. Luiz Carlos Nabuco dos Santos, 23, resistiu \u00e0 pris\u00e3o e junto com dois comparsas trocou tiros com a pol\u00edcia. Mesmo com ferimento, ele fugiu e posteriormente foi encontrado por familiares, [&hellip;]<\/p>\n","protected":false},"author":1,"featured_media":21098,"comment_status":"closed","ping_status":"closed","sticky":false,"template":"","format":"standard","meta":{"footnotes":""},"categories":[38,7,3],"tags":[],"class_list":{"0":"post-44169","1":"post","2":"type-post","3":"status-publish","4":"format-standard","5":"has-post-thumbnail","7":"category-municipios","8":"category-policia","9":"category-saocristovao"},"_links":{"self":[{"href":"https:\/\/senoticias.com.br\/se\/wp-json\/wp\/v2\/posts\/44169"}],"collection":[{"href":"https:\/\/senoticias.com.br\/se\/wp-json\/wp\/v2\/posts"}],"about":[{"href":"https:\/\/senoticias.com.br\/se\/wp-json\/wp\/v2\/types\/post"}],"author":[{"embeddable":true,"href":"https:\/\/senoticias.com.br\/se\/wp-json\/wp\/v2\/users\/1"}],"replies":[{"embeddable":true,"href":"https:\/\/senoticias.com.br\/se\/wp-json\/wp\/v2\/comments?post=44169"}],"version-history":[{"count":0,"href":"https:\/\/senoticias.com.br\/se\/wp-json\/wp\/v2\/posts\/44169\/revisions"}],"wp:featuredmedia":[{"embeddable":true,"href":"https:\/\/senoticias.com.br\/se\/wp-json\/wp\/v2\/media\/21098"}],"wp:attachment":[{"href":"https:\/\/senoticias.com.br\/se\/wp-json\/wp\/v2\/media?parent=44169"}],"wp:term":[{"taxonomy":"category","embeddable":true,"href":"https:\/\/senoticias.com.br\/se\/wp-json\/wp\/v2\/categories?post=44169"},{"taxonomy":"post_tag","embeddable":true,"href":"https:\/\/senoticias.com.br\/se\/wp-json\/wp\/v2\/tags?post=44169"}],"curies":[{"name":"wp","href":"https:\/\/api.w.org\/{rel}","templated":true}]}}