{"id":44164,"date":"2013-02-08T19:46:23","date_gmt":"2013-02-08T22:46:23","guid":{"rendered":"http:\/\/senoticias.com.br\/se\/?p=44164"},"modified":"2013-02-10T07:45:19","modified_gmt":"2013-02-10T10:45:19","slug":"joao-alves-filho-da-posse-coletiva-destaca-o-espirito-de-equipe-e-harmonia-na-gestao","status":"publish","type":"post","link":"https:\/\/senoticias.com.br\/se\/joao-alves-filho-da-posse-coletiva-destaca-o-espirito-de-equipe-e-harmonia-na-gestao\/","title":{"rendered":"Jo\u00e3o Alves Filho d\u00e1 posse coletiva, destaca o esp\u00edrito de equipe e harmonia na gest\u00e3o"},"content":{"rendered":"<p>&nbsp;<\/p>\n<div id=\"attachment_44166\" style=\"width: 310px\" class=\"wp-caption alignleft\"><a href=\"http:\/\/senoticias.com.br\/se\/wp-content\/uploads\/2013\/02\/Georlize.jpeg\"><img loading=\"lazy\" decoding=\"async\" aria-describedby=\"caption-attachment-44166\" class=\"size-medium wp-image-44166\" title=\"Georlize\" src=\"http:\/\/senoticias.com.br\/se\/wp-content\/uploads\/2013\/02\/Georlize-300x204.jpg\" alt=\"\" width=\"300\" height=\"204\" srcset=\"https:\/\/senoticias.com.br\/se\/wp-content\/uploads\/2013\/02\/Georlize-300x204.jpg 300w, https:\/\/senoticias.com.br\/se\/wp-content\/uploads\/2013\/02\/Georlize-342x233.jpg 342w, https:\/\/senoticias.com.br\/se\/wp-content\/uploads\/2013\/02\/Georlize.jpeg 750w\" sizes=\"(max-width: 300px) 100vw, 300px\" \/><\/a><p id=\"caption-attachment-44166\" class=\"wp-caption-text\">Jo\u00e3o Alves d\u00e1 posse coletiva, destaca o esp\u00edrito de equipe.(Foto: Sergio Silva)<\/p><\/div>\n<p style=\"text-align: justify;\">Devido ao novo projeto administrativo aprovado pela C\u00e2mera, o prefeito Jo\u00e3o Alves Filho empossou nesta sexta-feira, dia 8, no audit\u00f3rio da Prefeitura de Aracaju, todo o secretariado do Governo Municipal. Al\u00e9m dos secret\u00e1rios que j\u00e1 haviam ocupado os cargos formalmente, hoje foram apresentados o secret\u00e1rio de Meio Ambiente, Eduardo Matos, e o secret\u00e1rio de Infraestrutura, Luiz Durval.<\/p>\n<p style=\"text-align: justify;\">Com a reforma administrativa, a antiga Secretaria de Finan\u00e7as passa a ser Secretaria Municipal da Fazenda, assumida por Nilson Lima. O secret\u00e1rio Luciano Paz Xavier vai comandar a Secretaria Municipal do Planejamento e Or\u00e7amento e tamb\u00e9m responder\u00e1 pela Secretaria de Administra\u00e7\u00e3o.<\/p>\n<p style=\"text-align: justify;\">Para o prefeito Jo\u00e3o Alves Filho, foram escolhidas as melhores pessoas para ajudar no desenvolvimento de Aracaju e afirma que n\u00e3o aceita secret\u00e1rios ou assessores que trabalhem apenas concordando com o que ele diz. &#8220;Adoto por norma em minha vida, uma frase de um grande empres\u00e1rio americano, que se deve sempre escolher homens melhores que n\u00f3s mesmos para trabalhar. Estou rodeado de pessoas que vieram para somar a nossa administra\u00e7\u00e3o. N\u00e3o quero pessoas que balancem a cabe\u00e7a para tudo que digo. Quero pessoas que venham acrescentar com id\u00e9ias objetivas e propostas&#8221;, disse o prefeito destacando que o esp\u00edrito de equipe \u00e9 essencial dentro de sua gest\u00e3o. &#8220;Caso n\u00e3o haja harmonia, nem os melhores funcionam&#8221;.<\/p>\n<p style=\"text-align: justify;\">&#8220;Est\u00e3o no secretariado pessoas extremamente capazes. Tivemos o privil\u00e9gio de escolher o nosso secretariado sem press\u00e3o de nenhum partido. Os partidos aliados merecem nosso respeito sempre, mas desde a campanha acordamos que eu escolheria os secret\u00e1rios&#8221;, informou.<\/p>\n<p style=\"text-align: justify;\">Sobre o novo secret\u00e1rio do Meio Ambiente, o prefeito disse que teve o prazer de escrever dois livros com ele combatendo o projeto grotesco da transposi\u00e7\u00e3o do rio S\u00e3o Francisco. &#8220;Eduardo Matos \u00e9 um ambientalista com os p\u00e9s no ch\u00e3o, que entende que n\u00e3o h\u00e1 conflito entre o desenvolvimento e o meio ambiente, desde que sejam respeitadas as regras&#8221;, disse Jo\u00e3o Alves.<\/p>\n<p style=\"text-align: justify;\">Para Eduardo Matos, a nova Secretaria do Meio Ambiente ainda deve ser estrutura e ser\u00e1 um ano de bastante trabalho. &#8220;Ainda montaremos a estrutura legislativa da Secretaria criando os Conselhos Municipal do Meio Ambiente, Fundo Municipal do Meio Ambiente e o C\u00f3digo Ambiental. Precisamos formar o trip\u00e9 da Gest\u00e3o Plena. Vamos come\u00e7ar uma nova secretaria, que \u00e9 interessante por poder implantar todos os projetos&#8221;, explicou o secret\u00e1rio.<\/p>\n<p style=\"text-align: justify;\"><em><strong>Ag\u00eancia Aracaju de Not\u00edcias<\/strong><\/em><\/p>\n","protected":false},"excerpt":{"rendered":"<p>&nbsp; Devido ao novo projeto administrativo aprovado pela C\u00e2mera, o prefeito Jo\u00e3o Alves Filho empossou nesta sexta-feira, dia 8, no audit\u00f3rio da Prefeitura de Aracaju, todo o secretariado do Governo Municipal. Al\u00e9m dos secret\u00e1rios que j\u00e1 haviam ocupado os cargos formalmente, hoje foram apresentados o secret\u00e1rio de Meio Ambiente, Eduardo Matos, e o secret\u00e1rio de [&hellip;]<\/p>\n","protected":false},"author":1,"featured_media":44166,"comment_status":"closed","ping_status":"closed","sticky":false,"template":"","format":"standard","meta":{"footnotes":""},"categories":[6],"tags":[],"class_list":{"0":"post-44164","1":"post","2":"type-post","3":"status-publish","4":"format-standard","5":"has-post-thumbnail","7":"category-politica"},"_links":{"self":[{"href":"https:\/\/senoticias.com.br\/se\/wp-json\/wp\/v2\/posts\/44164"}],"collection":[{"href":"https:\/\/senoticias.com.br\/se\/wp-json\/wp\/v2\/posts"}],"about":[{"href":"https:\/\/senoticias.com.br\/se\/wp-json\/wp\/v2\/types\/post"}],"author":[{"embeddable":true,"href":"https:\/\/senoticias.com.br\/se\/wp-json\/wp\/v2\/users\/1"}],"replies":[{"embeddable":true,"href":"https:\/\/senoticias.com.br\/se\/wp-json\/wp\/v2\/comments?post=44164"}],"version-history":[{"count":0,"href":"https:\/\/senoticias.com.br\/se\/wp-json\/wp\/v2\/posts\/44164\/revisions"}],"wp:featuredmedia":[{"embeddable":true,"href":"https:\/\/senoticias.com.br\/se\/wp-json\/wp\/v2\/media\/44166"}],"wp:attachment":[{"href":"https:\/\/senoticias.com.br\/se\/wp-json\/wp\/v2\/media?parent=44164"}],"wp:term":[{"taxonomy":"category","embeddable":true,"href":"https:\/\/senoticias.com.br\/se\/wp-json\/wp\/v2\/categories?post=44164"},{"taxonomy":"post_tag","embeddable":true,"href":"https:\/\/senoticias.com.br\/se\/wp-json\/wp\/v2\/tags?post=44164"}],"curies":[{"name":"wp","href":"https:\/\/api.w.org\/{rel}","templated":true}]}}