{"id":44161,"date":"2013-02-08T18:59:46","date_gmt":"2013-02-08T21:59:46","guid":{"rendered":"http:\/\/senoticias.com.br\/se\/?p=44161"},"modified":"2013-02-08T19:03:39","modified_gmt":"2013-02-08T22:03:39","slug":"mendonca-prado-homenageia-desembargadores-empossados-no-tjse","status":"publish","type":"post","link":"https:\/\/senoticias.com.br\/se\/mendonca-prado-homenageia-desembargadores-empossados-no-tjse\/","title":{"rendered":"Mendon\u00e7a Prado homenageia desembargadores empossados no TJ\/SE"},"content":{"rendered":"<p>&nbsp;<\/p>\n<div id=\"attachment_44162\" style=\"width: 310px\" class=\"wp-caption alignleft\"><a href=\"http:\/\/senoticias.com.br\/se\/wp-content\/uploads\/2013\/02\/CR\u00c9DITO-GUSTAVO-LIMA.jpg\"><img loading=\"lazy\" decoding=\"async\" aria-describedby=\"caption-attachment-44162\" class=\"size-medium wp-image-44162\" title=\"Dep. Mendon\u00e7a Prado no plen\u00e1rio\" src=\"http:\/\/senoticias.com.br\/se\/wp-content\/uploads\/2013\/02\/CR\u00c9DITO-GUSTAVO-LIMA-300x199.jpg\" alt=\"\" width=\"300\" height=\"199\" \/><\/a><p id=\"caption-attachment-44162\" class=\"wp-caption-text\">Mendon\u00e7a Prado homenageia desembargadores empossados no TJ\/SE. (Foto: Gustavo Lima)<\/p><\/div>\n<p style=\"text-align: justify;\">Na \u00faltima ter\u00e7a-feira (05), o deputado federal Mendon\u00e7a Prado (Democratas\u2013SE), requereu ao presidente da C\u00e2mara dos Deputados Voto de Louvor em homenagem aos desembargadores Cl\u00e1udio Dinart D\u00e9da Chagas, Edson Ulisses de Melo e Suzana Maria Carvalho Oliveira, pela posse nos cargos de Presidente, Vice-Presidente e Corregedora-Geral da Justi\u00e7a, respectivamente, do Tribunal de Justi\u00e7a do Estado de Sergipe (TJ\/SE).<\/p>\n<p style=\"text-align: justify;\">\u201cSergipe tem se destacado pela atua\u00e7\u00e3o exemplar dos integrantes do seu Poder Judici\u00e1rio. A magistratura desse estado se caracteriza pelo saber jur\u00eddico, honradez e dignidade de todos que a comp\u00f5e. Os cidad\u00e3os sergipanos regozijam-se com os resultados de diversos estudos que apontam o Judici\u00e1rio estadual como um dos mais eficientes do pa\u00eds\u201d, afirmou Mendon\u00e7a Prado.<\/p>\n<p style=\"text-align: justify;\"><strong>O Requerimento \u2013<\/strong> de n.\u00ba 6668\/13 \u2013 tem por objetivo o registro da homenagem do democratas aos desembargadores nos Anais da C\u00e2mara Federal. \u201cOs \u00ednclitos Desembargadores destinat\u00e1rios deste Voto de Louvor s\u00e3o autoridades que dedicaram as suas vidas ao direito e sempre agiram obedecendo aos princ\u00edpios da honestidade e da \u00e9tica. Eles foram escolhidos por seus pares em raz\u00e3o da confian\u00e7a absoluta e da convic\u00e7\u00e3o de que manter\u00e3o a Justi\u00e7a da terra de Tobias Barreto como uma das melhores do Brasil. Diante disso, \u00e9 justo que o Parlamento brasileiro enalte\u00e7a essas extraordin\u00e1rias caracter\u00edsticas, aprovando essa proposta e reconhecendo o bel\u00edssimo trabalho desenvolvido pelos ju\u00edzes sergipanos\u201d, destacou o parlamentar.<\/p>\n<p style=\"text-align: justify;\"><strong>Por Izys Moreira &#8211; Assessoria de Imprensa<\/strong><\/p>\n","protected":false},"excerpt":{"rendered":"<p>&nbsp; Na \u00faltima ter\u00e7a-feira (05), o deputado federal Mendon\u00e7a Prado (Democratas\u2013SE), requereu ao presidente da C\u00e2mara dos Deputados Voto de Louvor em homenagem aos desembargadores Cl\u00e1udio Dinart D\u00e9da Chagas, Edson Ulisses de Melo e Suzana Maria Carvalho Oliveira, pela posse nos cargos de Presidente, Vice-Presidente e Corregedora-Geral da Justi\u00e7a, respectivamente, do Tribunal de Justi\u00e7a do [&hellip;]<\/p>\n","protected":false},"author":1,"featured_media":44162,"comment_status":"closed","ping_status":"closed","sticky":false,"template":"","format":"standard","meta":{"footnotes":""},"categories":[1],"tags":[],"class_list":{"0":"post-44161","1":"post","2":"type-post","3":"status-publish","4":"format-standard","5":"has-post-thumbnail","7":"category-sem-categoria"},"_links":{"self":[{"href":"https:\/\/senoticias.com.br\/se\/wp-json\/wp\/v2\/posts\/44161"}],"collection":[{"href":"https:\/\/senoticias.com.br\/se\/wp-json\/wp\/v2\/posts"}],"about":[{"href":"https:\/\/senoticias.com.br\/se\/wp-json\/wp\/v2\/types\/post"}],"author":[{"embeddable":true,"href":"https:\/\/senoticias.com.br\/se\/wp-json\/wp\/v2\/users\/1"}],"replies":[{"embeddable":true,"href":"https:\/\/senoticias.com.br\/se\/wp-json\/wp\/v2\/comments?post=44161"}],"version-history":[{"count":0,"href":"https:\/\/senoticias.com.br\/se\/wp-json\/wp\/v2\/posts\/44161\/revisions"}],"wp:featuredmedia":[{"embeddable":true,"href":"https:\/\/senoticias.com.br\/se\/wp-json\/wp\/v2\/media\/44162"}],"wp:attachment":[{"href":"https:\/\/senoticias.com.br\/se\/wp-json\/wp\/v2\/media?parent=44161"}],"wp:term":[{"taxonomy":"category","embeddable":true,"href":"https:\/\/senoticias.com.br\/se\/wp-json\/wp\/v2\/categories?post=44161"},{"taxonomy":"post_tag","embeddable":true,"href":"https:\/\/senoticias.com.br\/se\/wp-json\/wp\/v2\/tags?post=44161"}],"curies":[{"name":"wp","href":"https:\/\/api.w.org\/{rel}","templated":true}]}}