{"id":44158,"date":"2013-02-08T18:24:10","date_gmt":"2013-02-08T21:24:10","guid":{"rendered":"http:\/\/senoticias.com.br\/se\/?p=44158"},"modified":"2013-02-08T18:24:10","modified_gmt":"2013-02-08T21:24:10","slug":"mais-de-tres-quilos-de-crack-sao-apreendidos-na-saida-de-aracaju","status":"publish","type":"post","link":"https:\/\/senoticias.com.br\/se\/mais-de-tres-quilos-de-crack-sao-apreendidos-na-saida-de-aracaju\/","title":{"rendered":"Mais de tr\u00eas quilos de crack s\u00e3o apreendidos na sa\u00edda de Aracaju."},"content":{"rendered":"<p>&nbsp;<\/p>\n<div id=\"attachment_44159\" style=\"width: 310px\" class=\"wp-caption alignleft\"><a href=\"http:\/\/senoticias.com.br\/se\/wp-content\/uploads\/2013\/02\/PRF-SE-_-Mais-de-tr\u00eas-quilos-de-crack-s\u00e3o-apreendidos-na-sa\u00edda-de-Aracaju-_08FEV13.jpg\"><img loading=\"lazy\" decoding=\"async\" aria-describedby=\"caption-attachment-44159\" class=\"size-medium wp-image-44159\" title=\"\" src=\"http:\/\/senoticias.com.br\/se\/wp-content\/uploads\/2013\/02\/PRF-SE-_-Mais-de-tr\u00eas-quilos-de-crack-s\u00e3o-apreendidos-na-sa\u00edda-de-Aracaju-_08FEV13-300x225.jpg\" alt=\"\" width=\"300\" height=\"225\" srcset=\"https:\/\/senoticias.com.br\/se\/wp-content\/uploads\/2013\/02\/PRF-SE-_-Mais-de-tr\u00eas-quilos-de-crack-s\u00e3o-apreendidos-na-sa\u00edda-de-Aracaju-_08FEV13-300x225.jpg 300w, https:\/\/senoticias.com.br\/se\/wp-content\/uploads\/2013\/02\/PRF-SE-_-Mais-de-tr\u00eas-quilos-de-crack-s\u00e3o-apreendidos-na-sa\u00edda-de-Aracaju-_08FEV13-342x256.jpg 342w, https:\/\/senoticias.com.br\/se\/wp-content\/uploads\/2013\/02\/PRF-SE-_-Mais-de-tr\u00eas-quilos-de-crack-s\u00e3o-apreendidos-na-sa\u00edda-de-Aracaju-_08FEV13-60x45.jpg 60w, https:\/\/senoticias.com.br\/se\/wp-content\/uploads\/2013\/02\/PRF-SE-_-Mais-de-tr\u00eas-quilos-de-crack-s\u00e3o-apreendidos-na-sa\u00edda-de-Aracaju-_08FEV13-150x113.jpg 150w, https:\/\/senoticias.com.br\/se\/wp-content\/uploads\/2013\/02\/PRF-SE-_-Mais-de-tr\u00eas-quilos-de-crack-s\u00e3o-apreendidos-na-sa\u00edda-de-Aracaju-_08FEV13-269x201.jpg 269w, https:\/\/senoticias.com.br\/se\/wp-content\/uploads\/2013\/02\/PRF-SE-_-Mais-de-tr\u00eas-quilos-de-crack-s\u00e3o-apreendidos-na-sa\u00edda-de-Aracaju-_08FEV13.jpg 800w\" sizes=\"(max-width: 300px) 100vw, 300px\" \/><\/a><p id=\"caption-attachment-44159\" class=\"wp-caption-text\">Mais de tr\u00eas quilos de crack s\u00e3o apreendidos na sa\u00edda de Aracaju. (Ascom\/PRF\/SE)<\/p><\/div>\n<p style=\"text-align: justify;\">Aracaju\/SE, 08 de fevereiro de 2013. A Pol\u00edcia Rodovi\u00e1ria Federal apreendeu, no in\u00edcio da tarde de hoje (08), mais de tr\u00eas quilos de crack. O flagrante aconteceu na altura do Km 02 da BR 235, na sa\u00edda de Aracaju, durante abordagem policial a um GM\/Corsa Milenium, com placas de Minas Gerais.<\/p>\n<p style=\"text-align: justify;\">A droga estava escondida no interior do pneu sobressalente do ve\u00edculo. O condutor, de 39 anos, que viajava sozinho, disse aos policiais que adquiriu o entorpecente na cidade de Uberl\u00e2ndia (MG) e que seguia para Macei\u00f3 (AL). Pelo transporte do material, disse que receberia 200 g de crack e mais R$600,00. Ele foi detido e, junto com a droga, foi encaminhado \u00e0 Delegacia de Narc\u00f3ticos de Aracaju (DENARC).<\/p>\n<p style=\"text-align: justify;\"><em><strong>Ascom\/PRF\/SE<\/strong><\/em><\/p>\n","protected":false},"excerpt":{"rendered":"<p>&nbsp; Aracaju\/SE, 08 de fevereiro de 2013. A Pol\u00edcia Rodovi\u00e1ria Federal apreendeu, no in\u00edcio da tarde de hoje (08), mais de tr\u00eas quilos de crack. O flagrante aconteceu na altura do Km 02 da BR 235, na sa\u00edda de Aracaju, durante abordagem policial a um GM\/Corsa Milenium, com placas de Minas Gerais. A droga estava [&hellip;]<\/p>\n","protected":false},"author":1,"featured_media":44159,"comment_status":"closed","ping_status":"closed","sticky":false,"template":"","format":"standard","meta":{"footnotes":""},"categories":[7],"tags":[],"class_list":{"0":"post-44158","1":"post","2":"type-post","3":"status-publish","4":"format-standard","5":"has-post-thumbnail","7":"category-policia"},"_links":{"self":[{"href":"https:\/\/senoticias.com.br\/se\/wp-json\/wp\/v2\/posts\/44158"}],"collection":[{"href":"https:\/\/senoticias.com.br\/se\/wp-json\/wp\/v2\/posts"}],"about":[{"href":"https:\/\/senoticias.com.br\/se\/wp-json\/wp\/v2\/types\/post"}],"author":[{"embeddable":true,"href":"https:\/\/senoticias.com.br\/se\/wp-json\/wp\/v2\/users\/1"}],"replies":[{"embeddable":true,"href":"https:\/\/senoticias.com.br\/se\/wp-json\/wp\/v2\/comments?post=44158"}],"version-history":[{"count":0,"href":"https:\/\/senoticias.com.br\/se\/wp-json\/wp\/v2\/posts\/44158\/revisions"}],"wp:featuredmedia":[{"embeddable":true,"href":"https:\/\/senoticias.com.br\/se\/wp-json\/wp\/v2\/media\/44159"}],"wp:attachment":[{"href":"https:\/\/senoticias.com.br\/se\/wp-json\/wp\/v2\/media?parent=44158"}],"wp:term":[{"taxonomy":"category","embeddable":true,"href":"https:\/\/senoticias.com.br\/se\/wp-json\/wp\/v2\/categories?post=44158"},{"taxonomy":"post_tag","embeddable":true,"href":"https:\/\/senoticias.com.br\/se\/wp-json\/wp\/v2\/tags?post=44158"}],"curies":[{"name":"wp","href":"https:\/\/api.w.org\/{rel}","templated":true}]}}