{"id":44155,"date":"2013-02-08T14:56:23","date_gmt":"2013-02-08T17:56:23","guid":{"rendered":"http:\/\/senoticias.com.br\/se\/?p=44155"},"modified":"2013-02-09T12:09:33","modified_gmt":"2013-02-09T15:09:33","slug":"abaixo-assinado-contra-renan-tem-1-milhao-de-assinaturas","status":"publish","type":"post","link":"https:\/\/senoticias.com.br\/se\/abaixo-assinado-contra-renan-tem-1-milhao-de-assinaturas\/","title":{"rendered":"Abaixo-assinado contra Renan tem 1 milh\u00e3o de assinaturas"},"content":{"rendered":"<p><a href=\"  http:\/\/exame.abril.com.br\/brasil\/politica\/noticias\/abaixo-assinado-contra-renan-tem-1-milhao-de-assinaturas?utm_source=twitterfeed&amp;utm_medium=twitter\" target=\"_blank\"><strong>Marco Prates, de Exame. com<\/strong><\/a><\/p>\n<div id=\"attachment_44156\" style=\"width: 310px\" class=\"wp-caption alignleft\"><a href=\"http:\/\/senoticias.com.br\/se\/wp-content\/uploads\/2013\/02\/size_590_Eleito_presidente_do_Senado_Renan_Calheiros_PMDB-AL_\u00e9_cumprimentado_pelo_antecessor_o_senador_Jos\u00e9_Sarney_PMDB-AP_.jpg\"><img loading=\"lazy\" decoding=\"async\" aria-describedby=\"caption-attachment-44156\" class=\"size-medium wp-image-44156\" title=\"\" src=\"http:\/\/senoticias.com.br\/se\/wp-content\/uploads\/2013\/02\/size_590_Eleito_presidente_do_Senado_Renan_Calheiros_PMDB-AL_\u00e9_cumprimentado_pelo_antecessor_o_senador_Jos\u00e9_Sarney_PMDB-AP_-300x225.jpg\" alt=\"\" width=\"300\" height=\"225\" srcset=\"https:\/\/senoticias.com.br\/se\/wp-content\/uploads\/2013\/02\/size_590_Eleito_presidente_do_Senado_Renan_Calheiros_PMDB-AL_\u00e9_cumprimentado_pelo_antecessor_o_senador_Jos\u00e9_Sarney_PMDB-AP_-300x225.jpg 300w, https:\/\/senoticias.com.br\/se\/wp-content\/uploads\/2013\/02\/size_590_Eleito_presidente_do_Senado_Renan_Calheiros_PMDB-AL_\u00e9_cumprimentado_pelo_antecessor_o_senador_Jos\u00e9_Sarney_PMDB-AP_-342x256.jpg 342w, https:\/\/senoticias.com.br\/se\/wp-content\/uploads\/2013\/02\/size_590_Eleito_presidente_do_Senado_Renan_Calheiros_PMDB-AL_\u00e9_cumprimentado_pelo_antecessor_o_senador_Jos\u00e9_Sarney_PMDB-AP_-60x45.jpg 60w, https:\/\/senoticias.com.br\/se\/wp-content\/uploads\/2013\/02\/size_590_Eleito_presidente_do_Senado_Renan_Calheiros_PMDB-AL_\u00e9_cumprimentado_pelo_antecessor_o_senador_Jos\u00e9_Sarney_PMDB-AP_-150x113.jpg 150w, https:\/\/senoticias.com.br\/se\/wp-content\/uploads\/2013\/02\/size_590_Eleito_presidente_do_Senado_Renan_Calheiros_PMDB-AL_\u00e9_cumprimentado_pelo_antecessor_o_senador_Jos\u00e9_Sarney_PMDB-AP_-269x201.jpg 269w, https:\/\/senoticias.com.br\/se\/wp-content\/uploads\/2013\/02\/size_590_Eleito_presidente_do_Senado_Renan_Calheiros_PMDB-AL_\u00e9_cumprimentado_pelo_antecessor_o_senador_Jos\u00e9_Sarney_PMDB-AP_.jpg 590w\" sizes=\"(max-width: 300px) 100vw, 300px\" \/><\/a><p id=\"caption-attachment-44156\" class=\"wp-caption-text\">Renan Calheiros, novo presidente do Senado, com o anterior, Jos\u00e9 Sarney: a peti\u00e7\u00e3o online que pede que ele seja destitu\u00eddo do cargo j\u00e1 tem mais de um milh\u00e3o de assinaturas.(Antonio Cruz\/ABr)<\/p><\/div>\n<p style=\"text-align: justify;\">Ap\u00f3s intensa movimenta\u00e7\u00e3o nas m\u00eddias sociais, peti\u00e7\u00e3o organizada para exigir que Renan Calheiros deixe a presid\u00eancia do Senado ultrapassa um milh\u00e3o de assinaturas<\/p>\n<p style=\"text-align: justify;\">Ap\u00f3s a intensa movimenta\u00e7\u00e3o nas redes sociais observada nos \u00faltimos dois dias, <strong><a href=\"   https:\/\/secure.avaaz.org\/po\/petition\/Impeachment_do_Presidente_do_Senado_Renan_Calheiros\/?aAZGUab\" target=\"_blank\">a peti\u00e7\u00e3o online que pede o impeachment<\/a><\/strong> de Renan Calheiros (PMDB-AL), atual presidente do Senado, ultrapassou um milh\u00e3o de assinaturas por volta das 15h25 de hoje. O organizador do abaixo- assinado na plataforma de mobiliza\u00e7\u00e3o social Avaaz promete envi\u00e1-la ao pr\u00f3prio Senado e \u00e0 Presid\u00eancia da Rep\u00fablica quando ela atingir 1,3 milh\u00e3o de votos.<\/p>\n<p style=\"text-align: justify;\">O n\u00famero refere-se a 1% do eleitorado nacional e \u00e9 o montante exigido para que os cidad\u00e3os possam protolocar projetos de iniciativa popular no Congresso.<\/p>\n<p style=\"text-align: justify;\">No caso da peti\u00e7\u00e3o, no entanto, n\u00e3o h\u00e1 qualquer utilidade no n\u00famero. O organizador da mobiliza\u00e7\u00e3o, Emiliano Magalh\u00e3es, diz que pretende us\u00e1-lo para press\u00e3o pol\u00edtica.<\/p>\n<p style=\"text-align: justify;\">\u201cPoderemos causar um rebuli\u00e7o na m\u00eddia, desafiar as restri\u00e7\u00f5es desta iniciativa popular e exigir a revoga\u00e7\u00e3o do presidente do Senado, Renan Calheiros\u201d, afirma ele no texto de apresenta\u00e7\u00e3o do abaixo-assinado.<\/p>\n<p style=\"text-align: justify;\">\u00c9 poss\u00edvel, no entanto, que parte das assinaturas n\u00e3o sejam v\u00e1lidas. No Facebook, um homem disse que assinou a peti\u00e7\u00e3o duas vezes. \u201cApenas usei dois emails diferentes\u201d, escreveu o internauta.<\/p>\n<p style=\"text-align: justify;\">A press\u00e3o contra Renan Calheiros tem aumentado nas m\u00eddias sociais. O primeiro abaixo-assinado contra ele, que buscava impedir sua chegada \u00e0 presid\u00eancia do Senado, teve menos de 500 mil assinaturas.<\/p>\n<p style=\"text-align: justify;\">Em 2010, quando elegeu-se mais uma vez senador, Renan obteve 840 mil votos.<\/p>\n<p style=\"text-align: justify;\">Agora escolhido pelos pares novamente para o cargo de presidente do Senado, ao qual havia renunciado em 2007, ele pode ter um inqu\u00e9rito aberto no Supremo Tribunal Federal sobre o susposto uso de notas frias para justificar os gastos da pens\u00e3o de sua filha com a jornalista M\u00f4nica Veloso. A den\u00fancia foi feita pela Procuradoria Geral da Rep\u00fablica, que o acusa de peculato (desvio de dinheiro p\u00fablico), falsidade ideol\u00f3gica e uso de documento falso.<\/p>\n","protected":false},"excerpt":{"rendered":"<p>Marco Prates, de Exame. com Ap\u00f3s intensa movimenta\u00e7\u00e3o nas m\u00eddias sociais, peti\u00e7\u00e3o organizada para exigir que Renan Calheiros deixe a presid\u00eancia do Senado ultrapassa um milh\u00e3o de assinaturas Ap\u00f3s a intensa movimenta\u00e7\u00e3o nas redes sociais observada nos \u00faltimos dois dias, a peti\u00e7\u00e3o online que pede o impeachment de Renan Calheiros (PMDB-AL), atual presidente do Senado, [&hellip;]<\/p>\n","protected":false},"author":1,"featured_media":44156,"comment_status":"closed","ping_status":"closed","sticky":false,"template":"","format":"standard","meta":{"footnotes":""},"categories":[310,6],"tags":[],"class_list":{"0":"post-44155","1":"post","2":"type-post","3":"status-publish","4":"format-standard","5":"has-post-thumbnail","7":"category-destaques-da-semana","8":"category-politica"},"_links":{"self":[{"href":"https:\/\/senoticias.com.br\/se\/wp-json\/wp\/v2\/posts\/44155"}],"collection":[{"href":"https:\/\/senoticias.com.br\/se\/wp-json\/wp\/v2\/posts"}],"about":[{"href":"https:\/\/senoticias.com.br\/se\/wp-json\/wp\/v2\/types\/post"}],"author":[{"embeddable":true,"href":"https:\/\/senoticias.com.br\/se\/wp-json\/wp\/v2\/users\/1"}],"replies":[{"embeddable":true,"href":"https:\/\/senoticias.com.br\/se\/wp-json\/wp\/v2\/comments?post=44155"}],"version-history":[{"count":0,"href":"https:\/\/senoticias.com.br\/se\/wp-json\/wp\/v2\/posts\/44155\/revisions"}],"wp:featuredmedia":[{"embeddable":true,"href":"https:\/\/senoticias.com.br\/se\/wp-json\/wp\/v2\/media\/44156"}],"wp:attachment":[{"href":"https:\/\/senoticias.com.br\/se\/wp-json\/wp\/v2\/media?parent=44155"}],"wp:term":[{"taxonomy":"category","embeddable":true,"href":"https:\/\/senoticias.com.br\/se\/wp-json\/wp\/v2\/categories?post=44155"},{"taxonomy":"post_tag","embeddable":true,"href":"https:\/\/senoticias.com.br\/se\/wp-json\/wp\/v2\/tags?post=44155"}],"curies":[{"name":"wp","href":"https:\/\/api.w.org\/{rel}","templated":true}]}}