{"id":44149,"date":"2013-02-08T14:30:24","date_gmt":"2013-02-08T17:30:24","guid":{"rendered":"http:\/\/senoticias.com.br\/se\/?p=44149"},"modified":"2013-05-18T12:54:18","modified_gmt":"2013-05-18T15:54:18","slug":"reuniao-em-sao-cristovao-discute-execucao-do-pac-das-cidades-historicas","status":"publish","type":"post","link":"https:\/\/senoticias.com.br\/se\/reuniao-em-sao-cristovao-discute-execucao-do-pac-das-cidades-historicas\/","title":{"rendered":"Reuni\u00e3o em S\u00e3o Crist\u00f3v\u00e3o discute execu\u00e7\u00e3o do PAC das Cidades Hist\u00f3ricas"},"content":{"rendered":"<p>&nbsp;<\/p>\n<p style=\"text-align: justify;\"><span style=\"color: #333333;\"><strong>O PAC Cidades Hist\u00f3ricas \u00e9 uma a\u00e7\u00e3o intergovernamental articulada com a sociedade para preservar o patrim\u00f4nio brasileiro<\/strong><\/span><\/p>\n<div id=\"attachment_44150\" style=\"width: 310px\" class=\"wp-caption alignleft\"><a href=\"http:\/\/senoticias.com.br\/se\/wp-content\/uploads\/2013\/02\/image3.jpeg\"><img loading=\"lazy\" decoding=\"async\" aria-describedby=\"caption-attachment-44150\" class=\"size-medium wp-image-44150\" title=\"image3\" src=\"http:\/\/senoticias.com.br\/se\/wp-content\/uploads\/2013\/02\/image3-300x196.jpg\" alt=\"\" width=\"300\" height=\"196\" srcset=\"https:\/\/senoticias.com.br\/se\/wp-content\/uploads\/2013\/02\/image3-300x196.jpg 300w, https:\/\/senoticias.com.br\/se\/wp-content\/uploads\/2013\/02\/image3-342x223.jpg 342w, https:\/\/senoticias.com.br\/se\/wp-content\/uploads\/2013\/02\/image3.jpeg 663w\" sizes=\"(max-width: 300px) 100vw, 300px\" \/><\/a><p id=\"caption-attachment-44150\" class=\"wp-caption-text\">A secret\u00e1ria Elo\u00edsa Galdino conduziu a reuni\u00e3o ao lado da prefeita Rivanda Farias e Armando Batalha.(Foto: Ascom\/Secult)<\/p><\/div>\n<p style=\"text-align: justify;\">Na manh\u00e3 de quinta-feira, dia 07, a Secretaria de Estado da Cultura (Secult) reuniu t\u00e9cnicos de diversas secret\u00e1rias, Iphan e prefeitura de S\u00e3o Crist\u00f3v\u00e3o para discutir os projetos que integrar\u00e3o o PAC das Cidades Hist\u00f3ricas. O programa do Governo Federal pretende levar desenvolvimento social e valoriza\u00e7\u00e3o do patrim\u00f4nio para a quarta cidade mais antiga do pa\u00eds.<\/p>\n<p style=\"text-align: justify;\">A execu\u00e7\u00e3o do programa se dar\u00e1 atrav\u00e9s da Governo de Sergipe, sob a coordena\u00e7\u00e3o da Secult. \u201cO governador Marcelo D\u00e9da deu a tarefa de conduzir o PAC das Cidades Hist\u00f3ricas \u00e0 Secult e n\u00f3s iremos cuidar desse processo junto com a Cehop, Seinfra, Subpac e a prefeitura de S\u00e3o Crist\u00f3v\u00e3o\u201d, explicou Elo\u00edsa Galdino.<\/p>\n<p style=\"text-align: justify;\">A prefeita Rivanda G\u00f3es acompanhou a reuni\u00e3o e ressaltou a satisfa\u00e7\u00e3o de ter a Secult \u00e0 frente desse processo. \u201cDiante da falta de estrutura em que se encontra a cidade de S\u00e3o Crist\u00f3v\u00e3o, \u00e9 muito importante que o Governo do Estado, atrav\u00e9s da secret\u00e1ria Elo\u00edsa Galdino, esteja \u00e0 frente desse processo. Mas, posso garantir que o que depender da prefeitura n\u00f3s iremos ajudar\u201d, destacou a prefeita.<\/p>\n<p style=\"text-align: justify;\">Durante a reuni\u00e3o foram definidas algumas obras priorit\u00e1rias, s\u00e3o elas: a reforma da sede da prefeitura, a revitaliza\u00e7\u00e3o do complexo da Cidade Baixa, a reforma da Bica dos Pintos e a restaura\u00e7\u00e3o do Cristo e do Museu de Arte Sacra. Os projetos dever\u00e3o ser apresentados em Bras\u00edlia no pr\u00f3ximo dia 25.<\/p>\n<p style=\"text-align: justify;\"><strong>PAC<\/strong><\/p>\n<p style=\"text-align: justify;\">O PAC Cidades Hist\u00f3ricas \u00e9 uma a\u00e7\u00e3o intergovernamental articulada com a sociedade para preservar o patrim\u00f4nio brasileiro, valorizar nossa cultura e promover o desenvolvimento econ\u00f4mico e social com sustentabilidade e qualidade de vida para os cidad\u00e3os.<\/p>\n<p style=\"text-align: justify;\">O PAC Cidades Hist\u00f3ricas atuar\u00e1, inicialmente, em 44 cidades, de 20 estados da federa\u00e7\u00e3o, com a disponibiliza\u00e7\u00e3o de R$ 1 bilh\u00e3o de reais at\u00e9 2015, em obras p\u00fablicas. A previs\u00e3o \u00e9 de que as obras sejam conclu\u00eddas at\u00e9 o primeiro semestre de 2014.<\/p>\n<p style=\"text-align: justify;\"><em><strong><a href=\"  http:\/\/agencia.se.gov.br\/noticias\/leitura\/materia:32034\/reuniao_em_sao_cristovao_discute_execucao_do_pac_das_cidades_historicas.html\" target=\"_blank\">Ag\u00eancia Sergipe de Not\u00edcias<\/a><\/strong><\/em><\/p>\n","protected":false},"excerpt":{"rendered":"<p>&nbsp; O PAC Cidades Hist\u00f3ricas \u00e9 uma a\u00e7\u00e3o intergovernamental articulada com a sociedade para preservar o patrim\u00f4nio brasileiro Na manh\u00e3 de quinta-feira, dia 07, a Secretaria de Estado da Cultura (Secult) reuniu t\u00e9cnicos de diversas secret\u00e1rias, Iphan e prefeitura de S\u00e3o Crist\u00f3v\u00e3o para discutir os projetos que integrar\u00e3o o PAC das Cidades Hist\u00f3ricas. O programa [&hellip;]<\/p>\n","protected":false},"author":1,"featured_media":44150,"comment_status":"closed","ping_status":"closed","sticky":false,"template":"","format":"standard","meta":{"footnotes":""},"categories":[38,3],"tags":[],"class_list":{"0":"post-44149","1":"post","2":"type-post","3":"status-publish","4":"format-standard","5":"has-post-thumbnail","7":"category-municipios","8":"category-saocristovao"},"_links":{"self":[{"href":"https:\/\/senoticias.com.br\/se\/wp-json\/wp\/v2\/posts\/44149"}],"collection":[{"href":"https:\/\/senoticias.com.br\/se\/wp-json\/wp\/v2\/posts"}],"about":[{"href":"https:\/\/senoticias.com.br\/se\/wp-json\/wp\/v2\/types\/post"}],"author":[{"embeddable":true,"href":"https:\/\/senoticias.com.br\/se\/wp-json\/wp\/v2\/users\/1"}],"replies":[{"embeddable":true,"href":"https:\/\/senoticias.com.br\/se\/wp-json\/wp\/v2\/comments?post=44149"}],"version-history":[{"count":0,"href":"https:\/\/senoticias.com.br\/se\/wp-json\/wp\/v2\/posts\/44149\/revisions"}],"wp:featuredmedia":[{"embeddable":true,"href":"https:\/\/senoticias.com.br\/se\/wp-json\/wp\/v2\/media\/44150"}],"wp:attachment":[{"href":"https:\/\/senoticias.com.br\/se\/wp-json\/wp\/v2\/media?parent=44149"}],"wp:term":[{"taxonomy":"category","embeddable":true,"href":"https:\/\/senoticias.com.br\/se\/wp-json\/wp\/v2\/categories?post=44149"},{"taxonomy":"post_tag","embeddable":true,"href":"https:\/\/senoticias.com.br\/se\/wp-json\/wp\/v2\/tags?post=44149"}],"curies":[{"name":"wp","href":"https:\/\/api.w.org\/{rel}","templated":true}]}}