{"id":44147,"date":"2013-02-08T14:19:36","date_gmt":"2013-02-08T17:19:36","guid":{"rendered":"http:\/\/senoticias.com.br\/se\/?p=44147"},"modified":"2013-02-08T14:19:36","modified_gmt":"2013-02-08T17:19:36","slug":"deda-decreta-ponto-facultativo-no-periodo-de-carnaval","status":"publish","type":"post","link":"https:\/\/senoticias.com.br\/se\/deda-decreta-ponto-facultativo-no-periodo-de-carnaval\/","title":{"rendered":"D\u00e9da decreta ponto facultativo no per\u00edodo de Carnaval"},"content":{"rendered":"<p>&nbsp;<\/p>\n<p style=\"text-align: justify;\">O governador Marcelo D\u00e9da decretou ponto facultativo em todas as reparti\u00e7\u00f5es e \u00f3rg\u00e3os estaduais da administra\u00e7\u00e3o direta e indireta nos dias 11, 12 e 13 de fevereiro, conforme o decreto estadual N\u00b0 28.990, de 28 de dezembro de 2012, em virtude das festividades do Carnaval. As atividades voltar\u00e3o ao normal na quinta-feira, 14.<\/p>\n<p style=\"text-align: justify;\">Os servi\u00e7os emergenciais do Estado, como Corpo de Bombeiros, Defesa Civil, pol\u00edcias Militar e Civil, o Samu 192 Sergipe, hospitais e demais unidades de sa\u00fade de urg\u00eancia estar\u00e3o de plant\u00e3o para atender as demandas da popula\u00e7\u00e3o.<\/p>\n<p><em><strong>Ag\u00eancia Sergipe de Not\u00edcias<\/strong><\/em><\/p>\n","protected":false},"excerpt":{"rendered":"<p>&nbsp; O governador Marcelo D\u00e9da decretou ponto facultativo em todas as reparti\u00e7\u00f5es e \u00f3rg\u00e3os estaduais da administra\u00e7\u00e3o direta e indireta nos dias 11, 12 e 13 de fevereiro, conforme o decreto estadual N\u00b0 28.990, de 28 de dezembro de 2012, em virtude das festividades do Carnaval. As atividades voltar\u00e3o ao normal na quinta-feira, 14. Os [&hellip;]<\/p>\n","protected":false},"author":1,"featured_media":0,"comment_status":"closed","ping_status":"closed","sticky":false,"template":"","format":"standard","meta":{"footnotes":""},"categories":[1],"tags":[],"class_list":{"0":"post-44147","1":"post","2":"type-post","3":"status-publish","4":"format-standard","6":"category-sem-categoria"},"_links":{"self":[{"href":"https:\/\/senoticias.com.br\/se\/wp-json\/wp\/v2\/posts\/44147"}],"collection":[{"href":"https:\/\/senoticias.com.br\/se\/wp-json\/wp\/v2\/posts"}],"about":[{"href":"https:\/\/senoticias.com.br\/se\/wp-json\/wp\/v2\/types\/post"}],"author":[{"embeddable":true,"href":"https:\/\/senoticias.com.br\/se\/wp-json\/wp\/v2\/users\/1"}],"replies":[{"embeddable":true,"href":"https:\/\/senoticias.com.br\/se\/wp-json\/wp\/v2\/comments?post=44147"}],"version-history":[{"count":0,"href":"https:\/\/senoticias.com.br\/se\/wp-json\/wp\/v2\/posts\/44147\/revisions"}],"wp:attachment":[{"href":"https:\/\/senoticias.com.br\/se\/wp-json\/wp\/v2\/media?parent=44147"}],"wp:term":[{"taxonomy":"category","embeddable":true,"href":"https:\/\/senoticias.com.br\/se\/wp-json\/wp\/v2\/categories?post=44147"},{"taxonomy":"post_tag","embeddable":true,"href":"https:\/\/senoticias.com.br\/se\/wp-json\/wp\/v2\/tags?post=44147"}],"curies":[{"name":"wp","href":"https:\/\/api.w.org\/{rel}","templated":true}]}}