{"id":44145,"date":"2013-02-08T14:03:48","date_gmt":"2013-02-08T17:03:48","guid":{"rendered":"http:\/\/senoticias.com.br\/se\/?p=44145"},"modified":"2013-02-08T14:03:48","modified_gmt":"2013-02-08T17:03:48","slug":"emmanuel-nascimento-diz-que-vereador-nao-esta-sendo-democratico-na-comissao","status":"publish","type":"post","link":"https:\/\/senoticias.com.br\/se\/emmanuel-nascimento-diz-que-vereador-nao-esta-sendo-democratico-na-comissao\/","title":{"rendered":"Emmanuel Nascimento diz que vereador n\u00e3o est\u00e1 sendo democr\u00e1tico na Comiss\u00e3o"},"content":{"rendered":"<p>&nbsp;<\/p>\n<div id=\"attachment_8936\" style=\"width: 310px\" class=\"wp-caption alignleft\"><a href=\"http:\/\/senoticias.com.br\/se\/wp-content\/uploads\/2011\/06\/Emanoel-Nascimento.jpg\"><img loading=\"lazy\" decoding=\"async\" aria-describedby=\"caption-attachment-8936\" class=\"size-full wp-image-8936\" title=\"Emanoel Nascimento\" src=\"http:\/\/senoticias.com.br\/se\/wp-content\/uploads\/2011\/06\/Emanoel-Nascimento.jpg\" alt=\"\" width=\"300\" height=\"199\" \/><\/a><p id=\"caption-attachment-8936\" class=\"wp-caption-text\">Emanoel Nascimento, ex-presidente da C\u00e2mara de Vereadores de Aracaju. (Alberto Dutra)<\/p><\/div>\n<p style=\"text-align: justify;\">O vereador Emmanuel Nascimento (PT) est\u00e1 muito insatisfeito com a atua\u00e7\u00e3o do seu colega Renilson F\u00e9lix (DEM) no comando da comiss\u00e3o de Constitui\u00e7\u00e3o e Justi\u00e7a, uma das mais importantes da C\u00e2mara de Vereadores. De acordo com Emmanuel, Renilson na tem sido democr\u00e1tico, dando diversos pareceres contr\u00e1rios \u00e0 tramita\u00e7\u00e3o de projetos enviados pela oposi\u00e7\u00e3o.<\/p>\n<p style=\"text-align: justify;\">Emmanuel lembra que a fun\u00e7\u00e3o da Comiss\u00e3o de Constitui\u00e7\u00e3o e Justi\u00e7a \u00e9 t\u00e9cnica. Os vereadores devem dar pareceres com base na Constitui\u00e7\u00e3o e Lei Org\u00e2nica, barrando apenas as propostas que entrem em conflito com as estas leis superiores. \u201cOs projetos devem tramitar, e caso a base do prefeito queira rejeitar alguma proposta, que o fa\u00e7a em vota\u00e7\u00e3o no plen\u00e1rio. Impedir a tramita\u00e7\u00e3o de projetos n\u00e3o \u00e9 um ato democr\u00e1tico\u201d, falou o vereador.<\/p>\n<p style=\"text-align: justify;\">Durante a vota\u00e7\u00e3o do pol\u00eamico projeto que alterou o processo de gest\u00e3o democr\u00e1tica nas escolas do munic\u00edpio, enviado pelo poder Executivo municipal, o ex-presidente da C\u00e2mara de Vereadores n\u00e3o gostou de ver a Comiss\u00e3o rejeitando uma proposta de emenda da sua autoria, que visava garantir o processo de elei\u00e7\u00e3o dos diretores e coordenadores na escola.<\/p>\n<p style=\"text-align: justify;\">\u201cO plen\u00e1rio \u00e9 que \u00e9 soberano para avaliar as propostas. Volto a dizer, a comiss\u00e3o deveria dar um parecer meramente t\u00e9cnico, o vereador n\u00e3o pode evitar que as proposituras dos seus colegas tramitem. J\u00e1 no plen\u00e1rio, se a maioria governista quiser derrubar os projetos da oposi\u00e7\u00e3o, \u00e9 uma outra hist\u00f3ria, isso faz parte do processo democr\u00e1tico. Mas nossos projetos precisam ser avaliados\u201d, disse Emmanuel.<\/p>\n<p style=\"text-align: justify;\"><em><strong>Da Assessoria de Imprensa<\/strong><\/em><\/p>\n","protected":false},"excerpt":{"rendered":"<p>&nbsp; O vereador Emmanuel Nascimento (PT) est\u00e1 muito insatisfeito com a atua\u00e7\u00e3o do seu colega Renilson F\u00e9lix (DEM) no comando da comiss\u00e3o de Constitui\u00e7\u00e3o e Justi\u00e7a, uma das mais importantes da C\u00e2mara de Vereadores. De acordo com Emmanuel, Renilson na tem sido democr\u00e1tico, dando diversos pareceres contr\u00e1rios \u00e0 tramita\u00e7\u00e3o de projetos enviados pela oposi\u00e7\u00e3o. Emmanuel [&hellip;]<\/p>\n","protected":false},"author":1,"featured_media":8936,"comment_status":"closed","ping_status":"closed","sticky":false,"template":"","format":"standard","meta":{"footnotes":""},"categories":[6],"tags":[],"class_list":{"0":"post-44145","1":"post","2":"type-post","3":"status-publish","4":"format-standard","5":"has-post-thumbnail","7":"category-politica"},"_links":{"self":[{"href":"https:\/\/senoticias.com.br\/se\/wp-json\/wp\/v2\/posts\/44145"}],"collection":[{"href":"https:\/\/senoticias.com.br\/se\/wp-json\/wp\/v2\/posts"}],"about":[{"href":"https:\/\/senoticias.com.br\/se\/wp-json\/wp\/v2\/types\/post"}],"author":[{"embeddable":true,"href":"https:\/\/senoticias.com.br\/se\/wp-json\/wp\/v2\/users\/1"}],"replies":[{"embeddable":true,"href":"https:\/\/senoticias.com.br\/se\/wp-json\/wp\/v2\/comments?post=44145"}],"version-history":[{"count":0,"href":"https:\/\/senoticias.com.br\/se\/wp-json\/wp\/v2\/posts\/44145\/revisions"}],"wp:featuredmedia":[{"embeddable":true,"href":"https:\/\/senoticias.com.br\/se\/wp-json\/wp\/v2\/media\/8936"}],"wp:attachment":[{"href":"https:\/\/senoticias.com.br\/se\/wp-json\/wp\/v2\/media?parent=44145"}],"wp:term":[{"taxonomy":"category","embeddable":true,"href":"https:\/\/senoticias.com.br\/se\/wp-json\/wp\/v2\/categories?post=44145"},{"taxonomy":"post_tag","embeddable":true,"href":"https:\/\/senoticias.com.br\/se\/wp-json\/wp\/v2\/tags?post=44145"}],"curies":[{"name":"wp","href":"https:\/\/api.w.org\/{rel}","templated":true}]}}