{"id":44142,"date":"2013-02-08T11:33:54","date_gmt":"2013-02-08T14:33:54","guid":{"rendered":"http:\/\/senoticias.com.br\/se\/?p=44142"},"modified":"2013-02-09T11:48:38","modified_gmt":"2013-02-09T14:48:38","slug":"deda-pode-mudar-comando-de-secretaria","status":"publish","type":"post","link":"https:\/\/senoticias.com.br\/se\/deda-pode-mudar-comando-de-secretaria\/","title":{"rendered":"D\u00e9da pode mudar comando de secretaria"},"content":{"rendered":"<div id=\"attachment_44143\" style=\"width: 299px\" class=\"wp-caption alignleft\"><a href=\"http:\/\/senoticias.com.br\/se\/wp-content\/uploads\/2013\/02\/DEFW2595MarcosRodrigues.jpg\"><img loading=\"lazy\" decoding=\"async\" aria-describedby=\"caption-attachment-44143\" class=\"size-medium wp-image-44143\" title=\"DEFW2595MarcosRodrigues\" src=\"http:\/\/senoticias.com.br\/se\/wp-content\/uploads\/2013\/02\/DEFW2595MarcosRodrigues-289x300.jpg\" alt=\"\" width=\"289\" height=\"300\" srcset=\"https:\/\/senoticias.com.br\/se\/wp-content\/uploads\/2013\/02\/DEFW2595MarcosRodrigues-289x300.jpg 289w, https:\/\/senoticias.com.br\/se\/wp-content\/uploads\/2013\/02\/DEFW2595MarcosRodrigues-300x310.jpg 300w, https:\/\/senoticias.com.br\/se\/wp-content\/uploads\/2013\/02\/DEFW2595MarcosRodrigues.jpg 463w\" sizes=\"(max-width: 289px) 100vw, 289px\" \/><\/a><p id=\"caption-attachment-44143\" class=\"wp-caption-text\">Foto: Governador Marcelo D\u00e9da (Reprodu\u00e7\u00e3o)<\/p><\/div>\n<p style=\"text-align: justify;\">O governador Marcelo D\u00e9da (PT) prometeu no final de 2012 entregar o comando de uma secretaria de sua administra\u00e7\u00e3o ao ex-vereador F\u00e1bio Mitidieri.<\/p>\n<p style=\"text-align: justify;\">Embora ainda haja especula\u00e7\u00e3o em torno da Secretaria de Esportes e\u00a0Lazer, o mais prov\u00e1vel \u00e9 que F\u00e1bio seja secret\u00e1rio do Trabalho, cargo ocupado hoje por Lauro Correia Lima.<\/p>\n<p style=\"text-align: justify;\">Lauro foi indicado pelo deputado federal Rog\u00e9rio Carvalho (PT), que seria contemplado com outro espa\u00e7o no governo.<\/p>\n<p style=\"text-align: justify;\"><strong>Por Ne Not\u00edcias<\/strong><\/p>\n","protected":false},"excerpt":{"rendered":"<p>O governador Marcelo D\u00e9da (PT) prometeu no final de 2012 entregar o comando de uma secretaria de sua administra\u00e7\u00e3o ao ex-vereador F\u00e1bio Mitidieri. Embora ainda haja especula\u00e7\u00e3o em torno da Secretaria de Esportes e\u00a0Lazer, o mais prov\u00e1vel \u00e9 que F\u00e1bio seja secret\u00e1rio do Trabalho, cargo ocupado hoje por Lauro Correia Lima. Lauro foi indicado pelo [&hellip;]<\/p>\n","protected":false},"author":1,"featured_media":44143,"comment_status":"closed","ping_status":"closed","sticky":false,"template":"","format":"standard","meta":{"footnotes":""},"categories":[6],"tags":[],"class_list":{"0":"post-44142","1":"post","2":"type-post","3":"status-publish","4":"format-standard","5":"has-post-thumbnail","7":"category-politica"},"_links":{"self":[{"href":"https:\/\/senoticias.com.br\/se\/wp-json\/wp\/v2\/posts\/44142"}],"collection":[{"href":"https:\/\/senoticias.com.br\/se\/wp-json\/wp\/v2\/posts"}],"about":[{"href":"https:\/\/senoticias.com.br\/se\/wp-json\/wp\/v2\/types\/post"}],"author":[{"embeddable":true,"href":"https:\/\/senoticias.com.br\/se\/wp-json\/wp\/v2\/users\/1"}],"replies":[{"embeddable":true,"href":"https:\/\/senoticias.com.br\/se\/wp-json\/wp\/v2\/comments?post=44142"}],"version-history":[{"count":0,"href":"https:\/\/senoticias.com.br\/se\/wp-json\/wp\/v2\/posts\/44142\/revisions"}],"wp:featuredmedia":[{"embeddable":true,"href":"https:\/\/senoticias.com.br\/se\/wp-json\/wp\/v2\/media\/44143"}],"wp:attachment":[{"href":"https:\/\/senoticias.com.br\/se\/wp-json\/wp\/v2\/media?parent=44142"}],"wp:term":[{"taxonomy":"category","embeddable":true,"href":"https:\/\/senoticias.com.br\/se\/wp-json\/wp\/v2\/categories?post=44142"},{"taxonomy":"post_tag","embeddable":true,"href":"https:\/\/senoticias.com.br\/se\/wp-json\/wp\/v2\/tags?post=44142"}],"curies":[{"name":"wp","href":"https:\/\/api.w.org\/{rel}","templated":true}]}}