{"id":44139,"date":"2013-02-08T10:53:05","date_gmt":"2013-02-08T13:53:05","guid":{"rendered":"http:\/\/senoticias.com.br\/se\/?p=44139"},"modified":"2013-02-08T14:04:40","modified_gmt":"2013-02-08T17:04:40","slug":"mec-divulga-segunda-chamada-para-bolsas-do-prouni-confira","status":"publish","type":"post","link":"https:\/\/senoticias.com.br\/se\/mec-divulga-segunda-chamada-para-bolsas-do-prouni-confira\/","title":{"rendered":"MEC divulga segunda chamada para bolsas do Prouni; confira"},"content":{"rendered":"<div id=\"attachment_44140\" style=\"width: 290px\" class=\"wp-caption alignleft\"><a href=\"http:\/\/senoticias.com.br\/se\/wp-content\/uploads\/2013\/02\/mec-divulga-os-aprovados-para-as-bolsas-de-estudo-do-prouni.jpg.280x200_q85_crop.jpg\"><img loading=\"lazy\" decoding=\"async\" aria-describedby=\"caption-attachment-44140\" class=\"size-full wp-image-44140\" title=\"mec-divulga-os-aprovados-para-as-bolsas-de-estudo-do-prouni.jpg.280x200_q85_crop\" src=\"http:\/\/senoticias.com.br\/se\/wp-content\/uploads\/2013\/02\/mec-divulga-os-aprovados-para-as-bolsas-de-estudo-do-prouni.jpg.280x200_q85_crop.jpg\" alt=\"\" width=\"280\" height=\"200\" srcset=\"https:\/\/senoticias.com.br\/se\/wp-content\/uploads\/2013\/02\/mec-divulga-os-aprovados-para-as-bolsas-de-estudo-do-prouni.jpg.280x200_q85_crop.jpg 280w, https:\/\/senoticias.com.br\/se\/wp-content\/uploads\/2013\/02\/mec-divulga-os-aprovados-para-as-bolsas-de-estudo-do-prouni.jpg.280x200_q85_crop-90x65.jpg 90w\" sizes=\"(max-width: 280px) 100vw, 280px\" \/><\/a><p id=\"caption-attachment-44140\" class=\"wp-caption-text\">Minist\u00e9rio da Educa\u00e7\u00e3o (MEC)<\/p><\/div>\n<p style=\"text-align: justify;\">O Minist\u00e9rio da Educa\u00e7\u00e3o (MEC) divulgou nesta sexta-feira a rela\u00e7\u00e3o de candidatos pr\u00e9-selecionados na segunda chamada do Programa Universidade para Todos (Prouni). A consulta dos aprovados pode ser feita no\u00a0<a href=\"http:\/\/prounialuno.mec.gov.br\/\" target=\"_blank\">site do programa<\/a>.<\/p>\n<p style=\"text-align: justify;\">O prazo para a\u00a0matr\u00edcula nas institui\u00e7\u00f5es de ensino teve in\u00edcio hoje e se estende at\u00e9 o dia 19 de fevereiro. Para garantir o benef\u00edcio, os estudantes devem entregar os documentos que comprovem as informa\u00e7\u00f5es prestadas na ficha de inscri\u00e7\u00e3o.<\/p>\n<p style=\"text-align: justify;\">No site do Prouni\u00a0est\u00e3o detalhados os procedimentos necess\u00e1rios para obter a bolsa de estudos do programa. Al\u00e9m de documentos pessoais, o candidato deve apresentar comprovantes de resid\u00eancia, de rendimentos, de conclus\u00e3o do ensino m\u00e9dio, entre outros.<\/p>\n<p style=\"text-align: justify;\">Quem n\u00e3o for selecionado nas duas chamadas pode aderir \u00e0 lista de espera na p\u00e1gina do Prouni nos dias 24 de 25 de fevereiro.<\/p>\n<p style=\"text-align: justify;\">O programa concede bolsas de estudo integrais e parciais em institui\u00e7\u00f5es privadas de educa\u00e7\u00e3o superior para cursos de gradua\u00e7\u00e3o e sequenciais de forma\u00e7\u00e3o espec\u00edfica. Para o primeiro semestre deste ano, foram oferecidas 162.329 bolsas. O balan\u00e7o final do registrou mais de 1 milh\u00e3o de inscritos.<\/p>\n<p style=\"text-align: justify;\">Tem direito \u00e0 bolsa integral o candidato com renda familiar por pessoa at\u00e9 um sal\u00e1rio m\u00ednimo e meio (R$ 1.017). Para as bolsas parciais (50% da mensalidade), a renda familiar deve ser de at\u00e9 tr\u00eas sal\u00e1rios m\u00ednimos (R$ 2.034) por pessoa.<\/p>\n<p>&nbsp;<\/p>\n<p><strong>Por Portal Terra<\/strong><\/p>\n","protected":false},"excerpt":{"rendered":"<p>O Minist\u00e9rio da Educa\u00e7\u00e3o (MEC) divulgou nesta sexta-feira a rela\u00e7\u00e3o de candidatos pr\u00e9-selecionados na segunda chamada do Programa Universidade para Todos (Prouni). A consulta dos aprovados pode ser feita no\u00a0site do programa. O prazo para a\u00a0matr\u00edcula nas institui\u00e7\u00f5es de ensino teve in\u00edcio hoje e se estende at\u00e9 o dia 19 de fevereiro. Para garantir o [&hellip;]<\/p>\n","protected":false},"author":1,"featured_media":44140,"comment_status":"closed","ping_status":"closed","sticky":false,"template":"","format":"standard","meta":{"footnotes":""},"categories":[44,26],"tags":[],"class_list":{"0":"post-44139","1":"post","2":"type-post","3":"status-publish","4":"format-standard","5":"has-post-thumbnail","7":"category-educacao","8":"category-esportes"},"_links":{"self":[{"href":"https:\/\/senoticias.com.br\/se\/wp-json\/wp\/v2\/posts\/44139"}],"collection":[{"href":"https:\/\/senoticias.com.br\/se\/wp-json\/wp\/v2\/posts"}],"about":[{"href":"https:\/\/senoticias.com.br\/se\/wp-json\/wp\/v2\/types\/post"}],"author":[{"embeddable":true,"href":"https:\/\/senoticias.com.br\/se\/wp-json\/wp\/v2\/users\/1"}],"replies":[{"embeddable":true,"href":"https:\/\/senoticias.com.br\/se\/wp-json\/wp\/v2\/comments?post=44139"}],"version-history":[{"count":0,"href":"https:\/\/senoticias.com.br\/se\/wp-json\/wp\/v2\/posts\/44139\/revisions"}],"wp:featuredmedia":[{"embeddable":true,"href":"https:\/\/senoticias.com.br\/se\/wp-json\/wp\/v2\/media\/44140"}],"wp:attachment":[{"href":"https:\/\/senoticias.com.br\/se\/wp-json\/wp\/v2\/media?parent=44139"}],"wp:term":[{"taxonomy":"category","embeddable":true,"href":"https:\/\/senoticias.com.br\/se\/wp-json\/wp\/v2\/categories?post=44139"},{"taxonomy":"post_tag","embeddable":true,"href":"https:\/\/senoticias.com.br\/se\/wp-json\/wp\/v2\/tags?post=44139"}],"curies":[{"name":"wp","href":"https:\/\/api.w.org\/{rel}","templated":true}]}}