{"id":43862,"date":"2013-02-03T15:11:09","date_gmt":"2013-02-03T18:11:09","guid":{"rendered":"http:\/\/senoticias.com.br\/se\/?p=43862"},"modified":"2013-02-04T18:20:40","modified_gmt":"2013-02-04T21:20:40","slug":"jackson-participa-de-procissao-em-homenagem-a-nossa-senhora-dajuda","status":"publish","type":"post","link":"https:\/\/senoticias.com.br\/se\/jackson-participa-de-procissao-em-homenagem-a-nossa-senhora-dajuda\/","title":{"rendered":"Jackson participa de prociss\u00e3o em homenagem a Nossa Senhora D`Ajuda"},"content":{"rendered":"<div id=\"attachment_43865\" style=\"width: 310px\" class=\"wp-caption alignright\"><a href=\"http:\/\/senoticias.com.br\/se\/wp-content\/uploads\/2013\/02\/ProcissaoemItaporangaFotoMarcelleCristinne3.jpg\"><img loading=\"lazy\" decoding=\"async\" aria-describedby=\"caption-attachment-43865\" class=\"size-medium wp-image-43865\" title=\"\" src=\"http:\/\/senoticias.com.br\/se\/wp-content\/uploads\/2013\/02\/ProcissaoemItaporangaFotoMarcelleCristinne3-300x234.jpg\" alt=\"\" width=\"300\" height=\"234\" srcset=\"https:\/\/senoticias.com.br\/se\/wp-content\/uploads\/2013\/02\/ProcissaoemItaporangaFotoMarcelleCristinne3-300x234.jpg 300w, https:\/\/senoticias.com.br\/se\/wp-content\/uploads\/2013\/02\/ProcissaoemItaporangaFotoMarcelleCristinne3-342x266.jpg 342w, https:\/\/senoticias.com.br\/se\/wp-content\/uploads\/2013\/02\/ProcissaoemItaporangaFotoMarcelleCristinne3.jpg 500w\" sizes=\"(max-width: 300px) 100vw, 300px\" \/><\/a><p id=\"caption-attachment-43865\" class=\"wp-caption-text\">Jackson participa de prociss\u00e3o em homenagem a Nossa Senhora D`Ajuda.(Foto: Marcelle Cristinne\/ASN)<\/p><\/div>\n<p style=\"text-align: justify;\">&#8220;Itaporanga \u00e9 uma cidade de muita f\u00e9. \u00c9 uma cidade onde \u00e9 impressionante o fervor, o amor a Deus, e a devo\u00e7\u00e3o a Nossa Senhora D`Ajuda&#8221;. Essa foi a constata\u00e7\u00e3o do vice-governador Jackson Barreto ao comparecer na tarde deste s\u00e1bado, 2, \u00e0 tradicional prociss\u00e3o em homenagem \u00e0 padroeira da cidade de Itaporanga D`Ajuda, Nossa Senhora D`Ajuda. O ato deu continuidade a uma programa\u00e7\u00e3o que come\u00e7ou no \u00faltimo dia 24 e se encerrou com um show do Padre Jo\u00e3ozinho.<\/p>\n<p style=\"text-align: justify;\">Acompanhado da prefeita Maria das Gra\u00e7as, a Gracinha, e do ex-governador Albano Franco, Jackson seguiu o cortejo em meio a uma multid\u00e3o composta por mais de 5 mil fi\u00e9is. &#8220;\u00c9 uma festa tradicional, de regozijo da f\u00e9 cat\u00f3lica, \u00e9 um momento muito importante de renova\u00e7\u00e3o da nossa f\u00e9 em Jesus e da condu\u00e7\u00e3o dos destinos desse povo pela nossa Igreja. Eu venho a Itaporanga com o esp\u00edrito aberto e saio daqui mais leve porque confio muito na m\u00e3e do Senhor, ela \u00e9 que nos estimula, nos d\u00e1 for\u00e7a e nos ajuda nessa caminhada&#8221;, destacou Jackson.<\/p>\n<p style=\"text-align: justify;\">A tradicional comemora\u00e7\u00e3o, que \u00e9 realizada h\u00e1 159 anos, reuniu na Pra\u00e7a da Matriz, no Centro da cidade, fam\u00edlias e fi\u00e9is que t\u00eam em sua programa\u00e7\u00e3o religiosa e festiva, novena, missas, prociss\u00e3o, al\u00e9m de shows, tendas de alimenta\u00e7\u00e3o e outras atividades. &#8220;Hoje se encerra com chave de ouro essa novena muito bonita em homenagem a nossa padroeira. Todos que se empenharam para fazer essa festa bonita para o nosso povo est\u00e3o de parab\u00e9ns&#8221;, colocou a prefeita Gracinha.<\/p>\n<p style=\"text-align: justify;\"><em><strong>Ag\u00eancia Sergipe de Not\u00edcias<\/strong><\/em><\/p>\n","protected":false},"excerpt":{"rendered":"<p>&#8220;Itaporanga \u00e9 uma cidade de muita f\u00e9. \u00c9 uma cidade onde \u00e9 impressionante o fervor, o amor a Deus, e a devo\u00e7\u00e3o a Nossa Senhora D`Ajuda&#8221;. Essa foi a constata\u00e7\u00e3o do vice-governador Jackson Barreto ao comparecer na tarde deste s\u00e1bado, 2, \u00e0 tradicional prociss\u00e3o em homenagem \u00e0 padroeira da cidade de Itaporanga D`Ajuda, Nossa Senhora [&hellip;]<\/p>\n","protected":false},"author":1,"featured_media":43865,"comment_status":"closed","ping_status":"closed","sticky":false,"template":"","format":"standard","meta":{"footnotes":""},"categories":[6],"tags":[],"class_list":{"0":"post-43862","1":"post","2":"type-post","3":"status-publish","4":"format-standard","5":"has-post-thumbnail","7":"category-politica"},"_links":{"self":[{"href":"https:\/\/senoticias.com.br\/se\/wp-json\/wp\/v2\/posts\/43862"}],"collection":[{"href":"https:\/\/senoticias.com.br\/se\/wp-json\/wp\/v2\/posts"}],"about":[{"href":"https:\/\/senoticias.com.br\/se\/wp-json\/wp\/v2\/types\/post"}],"author":[{"embeddable":true,"href":"https:\/\/senoticias.com.br\/se\/wp-json\/wp\/v2\/users\/1"}],"replies":[{"embeddable":true,"href":"https:\/\/senoticias.com.br\/se\/wp-json\/wp\/v2\/comments?post=43862"}],"version-history":[{"count":0,"href":"https:\/\/senoticias.com.br\/se\/wp-json\/wp\/v2\/posts\/43862\/revisions"}],"wp:featuredmedia":[{"embeddable":true,"href":"https:\/\/senoticias.com.br\/se\/wp-json\/wp\/v2\/media\/43865"}],"wp:attachment":[{"href":"https:\/\/senoticias.com.br\/se\/wp-json\/wp\/v2\/media?parent=43862"}],"wp:term":[{"taxonomy":"category","embeddable":true,"href":"https:\/\/senoticias.com.br\/se\/wp-json\/wp\/v2\/categories?post=43862"},{"taxonomy":"post_tag","embeddable":true,"href":"https:\/\/senoticias.com.br\/se\/wp-json\/wp\/v2\/tags?post=43862"}],"curies":[{"name":"wp","href":"https:\/\/api.w.org\/{rel}","templated":true}]}}