{"id":43855,"date":"2013-02-03T13:17:46","date_gmt":"2013-02-03T16:17:46","guid":{"rendered":"http:\/\/senoticias.com.br\/se\/?p=43855"},"modified":"2013-02-03T14:54:29","modified_gmt":"2013-02-03T17:54:29","slug":"caminhoneiro-itabaianense-morre-em-acidente-no-estado-de-sao-paulo","status":"publish","type":"post","link":"https:\/\/senoticias.com.br\/se\/caminhoneiro-itabaianense-morre-em-acidente-no-estado-de-sao-paulo\/","title":{"rendered":"Caminhoneiro itabaianense morre em acidente no Estado de S\u00e3o Paulo"},"content":{"rendered":"<p>&nbsp;<\/p>\n<p style=\"text-align: justify;\"><span style=\"color: #333333;\"><strong>O jovem Anderson Tavares, 21 anos, morreu em acidente ocorrido por volta das 22 horas de sexta-feira, dia 1.\u00ba, no Estado de S\u00e3o Paul<\/strong><\/span>o.<\/p>\n<div id=\"attachment_43856\" style=\"width: 160px\" class=\"wp-caption alignright\"><a href=\"http:\/\/senoticias.com.br\/se\/wp-content\/uploads\/2013\/02\/anderson_tavares_p.jpg\"><img loading=\"lazy\" decoding=\"async\" aria-describedby=\"caption-attachment-43856\" class=\"size-thumbnail wp-image-43856\" title=\"anderson_tavares_p\" src=\"http:\/\/senoticias.com.br\/se\/wp-content\/uploads\/2013\/02\/anderson_tavares_p-150x150.jpg\" alt=\"\" width=\"150\" height=\"150\" srcset=\"https:\/\/senoticias.com.br\/se\/wp-content\/uploads\/2013\/02\/anderson_tavares_p-150x150.jpg 150w, https:\/\/senoticias.com.br\/se\/wp-content\/uploads\/2013\/02\/anderson_tavares_p-50x50.jpg 50w, https:\/\/senoticias.com.br\/se\/wp-content\/uploads\/2013\/02\/anderson_tavares_p-70x70.jpg 70w, https:\/\/senoticias.com.br\/se\/wp-content\/uploads\/2013\/02\/anderson_tavares_p-55x55.jpg 55w, https:\/\/senoticias.com.br\/se\/wp-content\/uploads\/2013\/02\/anderson_tavares_p.jpg 219w\" sizes=\"(max-width: 150px) 100vw, 150px\" \/><\/a><p id=\"caption-attachment-43856\" class=\"wp-caption-text\">Anderson Tavares, 21 anos. (Foto: reprodu\u00e7\u00e3o<\/p><\/div>\n<p style=\"text-align: justify;\">Conduzindo um caminh\u00e3o Mercedes Benz, modelo L 1620, ele estava retornando para Itabaiana (SE) carregado de alho quando em uma curva numa descida de serra havia congestionamento e sem perceber bateu no fundo de uma carreta. Anderson ainda tentou frear, mas n\u00e3o houve tempo suficiente e o imapcto foi inevit\u00e1vel.<\/p>\n<p style=\"text-align: justify;\">Anderson Tavares morava no bairro S\u00e3o Crist\u00f3v\u00e3o, em Itabaiana, e faria anivers\u00e1rio no pr\u00f3ximo dia 19 deste m\u00eas.<\/p>\n<p style=\"text-align: justify;\">Familiares j\u00e1 viajaram para a capital paulista para providenciar a libera\u00e7\u00e3o do corpo.<\/p>\n<p style=\"text-align: justify;\"><span style=\"color: #333333;\"><em><strong>Da reda\u00e7\u00e3o Itnet, Gilson de Oliveira.<\/strong><\/em><\/span><\/p>\n","protected":false},"excerpt":{"rendered":"<p>&nbsp; O jovem Anderson Tavares, 21 anos, morreu em acidente ocorrido por volta das 22 horas de sexta-feira, dia 1.\u00ba, no Estado de S\u00e3o Paulo. Conduzindo um caminh\u00e3o Mercedes Benz, modelo L 1620, ele estava retornando para Itabaiana (SE) carregado de alho quando em uma curva numa descida de serra havia congestionamento e sem perceber [&hellip;]<\/p>\n","protected":false},"author":1,"featured_media":43856,"comment_status":"closed","ping_status":"closed","sticky":false,"template":"","format":"standard","meta":{"footnotes":""},"categories":[7],"tags":[],"class_list":{"0":"post-43855","1":"post","2":"type-post","3":"status-publish","4":"format-standard","5":"has-post-thumbnail","7":"category-policia"},"_links":{"self":[{"href":"https:\/\/senoticias.com.br\/se\/wp-json\/wp\/v2\/posts\/43855"}],"collection":[{"href":"https:\/\/senoticias.com.br\/se\/wp-json\/wp\/v2\/posts"}],"about":[{"href":"https:\/\/senoticias.com.br\/se\/wp-json\/wp\/v2\/types\/post"}],"author":[{"embeddable":true,"href":"https:\/\/senoticias.com.br\/se\/wp-json\/wp\/v2\/users\/1"}],"replies":[{"embeddable":true,"href":"https:\/\/senoticias.com.br\/se\/wp-json\/wp\/v2\/comments?post=43855"}],"version-history":[{"count":0,"href":"https:\/\/senoticias.com.br\/se\/wp-json\/wp\/v2\/posts\/43855\/revisions"}],"wp:featuredmedia":[{"embeddable":true,"href":"https:\/\/senoticias.com.br\/se\/wp-json\/wp\/v2\/media\/43856"}],"wp:attachment":[{"href":"https:\/\/senoticias.com.br\/se\/wp-json\/wp\/v2\/media?parent=43855"}],"wp:term":[{"taxonomy":"category","embeddable":true,"href":"https:\/\/senoticias.com.br\/se\/wp-json\/wp\/v2\/categories?post=43855"},{"taxonomy":"post_tag","embeddable":true,"href":"https:\/\/senoticias.com.br\/se\/wp-json\/wp\/v2\/tags?post=43855"}],"curies":[{"name":"wp","href":"https:\/\/api.w.org\/{rel}","templated":true}]}}