{"id":43798,"date":"2013-02-01T12:02:59","date_gmt":"2013-02-01T15:02:59","guid":{"rendered":"http:\/\/senoticias.com.br\/se\/?p=43798"},"modified":"2013-02-01T18:11:54","modified_gmt":"2013-02-01T21:11:54","slug":"reitor-do-ifs-busca-parcerias-na-alemanha-e-no-reino-unido","status":"publish","type":"post","link":"https:\/\/senoticias.com.br\/se\/reitor-do-ifs-busca-parcerias-na-alemanha-e-no-reino-unido\/","title":{"rendered":"Reitor do IFS busca parcerias na Alemanha e no Reino Unido"},"content":{"rendered":"<p>&nbsp;<\/p>\n<div id=\"attachment_43814\" style=\"width: 235px\" class=\"wp-caption alignleft\"><a href=\"http:\/\/senoticias.com.br\/se\/wp-content\/uploads\/2013\/02\/Foto-3-Ailton-Ribeiro-de-Oliveira-reitor-do-IFS-C\u00f3pia.jpg\"><img loading=\"lazy\" decoding=\"async\" aria-describedby=\"caption-attachment-43814\" class=\"size-medium wp-image-43814\" title=\"Foto 3 - Ailton Ribeiro de Oliveira, reitor do IFS - C\u00f3pia\" src=\"http:\/\/senoticias.com.br\/se\/wp-content\/uploads\/2013\/02\/Foto-3-Ailton-Ribeiro-de-Oliveira-reitor-do-IFS-C\u00f3pia-225x300.jpg\" alt=\"\" width=\"225\" height=\"300\" srcset=\"https:\/\/senoticias.com.br\/se\/wp-content\/uploads\/2013\/02\/Foto-3-Ailton-Ribeiro-de-Oliveira-reitor-do-IFS-C\u00f3pia-225x300.jpg 225w, https:\/\/senoticias.com.br\/se\/wp-content\/uploads\/2013\/02\/Foto-3-Ailton-Ribeiro-de-Oliveira-reitor-do-IFS-C\u00f3pia-342x455.jpg 342w, https:\/\/senoticias.com.br\/se\/wp-content\/uploads\/2013\/02\/Foto-3-Ailton-Ribeiro-de-Oliveira-reitor-do-IFS-C\u00f3pia-300x400.jpg 300w, https:\/\/senoticias.com.br\/se\/wp-content\/uploads\/2013\/02\/Foto-3-Ailton-Ribeiro-de-Oliveira-reitor-do-IFS-C\u00f3pia.jpg 600w\" sizes=\"(max-width: 225px) 100vw, 225px\" \/><\/a><p id=\"caption-attachment-43814\" class=\"wp-caption-text\">Ailton Ribeiro de Oliveira, reitor do IFS. (Divulga\u00e7\u00e3o)<\/p><\/div>\n<p style=\"text-align: justify;\">Em busca de novas parcerias para abrir oportunidades de interc\u00e2mbio acad\u00eamico e cient\u00edfico, o reitor do Instituto Federal de Sergipe (IFS), professor Ailton Ribeiro de Oliveira, juntamente com outros reitores e assessores internacionais de institutos federais, cumprir\u00e1 uma intensa agenda na Alemanha e no Reino Unido. As atividades ser\u00e3o realizadas no per\u00edodo de 29 de janeiro a 8 de fevereiro.<\/p>\n<p style=\"text-align: justify;\">Al\u00e9m de apresentar a Rede Federal, a delega\u00e7\u00e3o participar\u00e1 de visitas t\u00e9cnicas a institui\u00e7\u00f5es de ensino de excel\u00eancia. A miss\u00e3o est\u00e1 sendo coordenada pelo Conselho Nacional das Institui\u00e7\u00f5es da Rede Federal de Educa\u00e7\u00e3o Profissional, Cient\u00edfica e Tecnol\u00f3gica (Conif), \u00f3rg\u00e3o do qual o professor Ailton \u00e9 diretor administrativo.<\/p>\n<p style=\"text-align: justify;\">A aproxima\u00e7\u00e3o com a Alemanha come\u00e7ou em setembro de 2012, durante reuni\u00e3o de reitores de institui\u00e7\u00f5es da Rede com representantes de 12 universidades alem\u00e3s. O encontro, realizado em S\u00e3o Paulo, foi parte da agenda \u0091Estudar e pesquisar na Alemanha\u0092, organizada pelo Servi\u00e7o Alem\u00e3o de Interc\u00e2mbio Acad\u00eamico (DAAD) e deu in\u00edcio ao processo para a realiza\u00e7\u00e3o de interc\u00e2mbio estudantil.<\/p>\n<p style=\"text-align: justify;\">J\u00e1 as articula\u00e7\u00f5es com o Reino Unido ganharam for\u00e7a em junho de 2012, quando a Associa\u00e7\u00e3o dos Colleges daquele pa\u00eds enviou uma delega\u00e7\u00e3o ao Brasil para conhecer a Rede Federal. O encontro permitiu a proposi\u00e7\u00e3o de edital espec\u00edfico para interc\u00e2mbio pelo Programa Ci\u00eancia sem Fronteiras. A proposta, direcionada a estudantes dos cursos superiores de Tecnologia, foi apresentada \u00e0 Coordena\u00e7\u00e3o de Aperfei\u00e7oamento de Pessoal de N\u00edvel Superior (Capes) e aguarda aprova\u00e7\u00e3o.<\/p>\n<p><span style=\"color: #333333;\"><strong>Coordena\u00e7\u00e3o de Comunica\u00e7\u00e3o Social e Eventos (CCOM)<\/strong><\/span><\/p>\n","protected":false},"excerpt":{"rendered":"<p>&nbsp; Em busca de novas parcerias para abrir oportunidades de interc\u00e2mbio acad\u00eamico e cient\u00edfico, o reitor do Instituto Federal de Sergipe (IFS), professor Ailton Ribeiro de Oliveira, juntamente com outros reitores e assessores internacionais de institutos federais, cumprir\u00e1 uma intensa agenda na Alemanha e no Reino Unido. As atividades ser\u00e3o realizadas no per\u00edodo de 29 [&hellip;]<\/p>\n","protected":false},"author":1,"featured_media":43814,"comment_status":"closed","ping_status":"closed","sticky":false,"template":"","format":"standard","meta":{"footnotes":""},"categories":[44,26],"tags":[],"class_list":{"0":"post-43798","1":"post","2":"type-post","3":"status-publish","4":"format-standard","5":"has-post-thumbnail","7":"category-educacao","8":"category-esportes"},"_links":{"self":[{"href":"https:\/\/senoticias.com.br\/se\/wp-json\/wp\/v2\/posts\/43798"}],"collection":[{"href":"https:\/\/senoticias.com.br\/se\/wp-json\/wp\/v2\/posts"}],"about":[{"href":"https:\/\/senoticias.com.br\/se\/wp-json\/wp\/v2\/types\/post"}],"author":[{"embeddable":true,"href":"https:\/\/senoticias.com.br\/se\/wp-json\/wp\/v2\/users\/1"}],"replies":[{"embeddable":true,"href":"https:\/\/senoticias.com.br\/se\/wp-json\/wp\/v2\/comments?post=43798"}],"version-history":[{"count":0,"href":"https:\/\/senoticias.com.br\/se\/wp-json\/wp\/v2\/posts\/43798\/revisions"}],"wp:featuredmedia":[{"embeddable":true,"href":"https:\/\/senoticias.com.br\/se\/wp-json\/wp\/v2\/media\/43814"}],"wp:attachment":[{"href":"https:\/\/senoticias.com.br\/se\/wp-json\/wp\/v2\/media?parent=43798"}],"wp:term":[{"taxonomy":"category","embeddable":true,"href":"https:\/\/senoticias.com.br\/se\/wp-json\/wp\/v2\/categories?post=43798"},{"taxonomy":"post_tag","embeddable":true,"href":"https:\/\/senoticias.com.br\/se\/wp-json\/wp\/v2\/tags?post=43798"}],"curies":[{"name":"wp","href":"https:\/\/api.w.org\/{rel}","templated":true}]}}