{"id":43795,"date":"2013-02-01T11:44:56","date_gmt":"2013-02-01T14:44:56","guid":{"rendered":"http:\/\/senoticias.com.br\/se\/?p=43795"},"modified":"2013-02-01T11:44:56","modified_gmt":"2013-02-01T14:44:56","slug":"valadares-pedro-taques-simboliza-aspiracao-nacional-por-mudancas-e-fortalecimento-do-senado","status":"publish","type":"post","link":"https:\/\/senoticias.com.br\/se\/valadares-pedro-taques-simboliza-aspiracao-nacional-por-mudancas-e-fortalecimento-do-senado\/","title":{"rendered":"Valadares: Pedro Taques simboliza aspira\u00e7\u00e3o nacional por mudan\u00e7as e fortalecimento do Senado"},"content":{"rendered":"<p style=\"text-align: justify;\">\n<div id=\"attachment_28448\" style=\"width: 310px\" class=\"wp-caption alignleft\"><a href=\"http:\/\/senoticias.com.br\/se\/wp-content\/uploads\/2012\/03\/DSC_4350A.jpg\"><img loading=\"lazy\" decoding=\"async\" aria-describedby=\"caption-attachment-28448\" class=\"size-medium wp-image-28448\" title=\"Valadares\" src=\"http:\/\/senoticias.com.br\/se\/wp-content\/uploads\/2012\/03\/DSC_4350A-300x199.jpg\" alt=\"\" width=\"300\" height=\"199\" srcset=\"https:\/\/senoticias.com.br\/se\/wp-content\/uploads\/2012\/03\/DSC_4350A-300x199.jpg 300w, https:\/\/senoticias.com.br\/se\/wp-content\/uploads\/2012\/03\/DSC_4350A-342x227.jpg 342w, https:\/\/senoticias.com.br\/se\/wp-content\/uploads\/2012\/03\/DSC_4350A.jpg 425w\" sizes=\"(max-width: 300px) 100vw, 300px\" \/><\/a><p id=\"caption-attachment-28448\" class=\"wp-caption-text\">Senador Valadares . (Foto: de Reinaldo Ferrigno)<\/p><\/div>\n<p style=\"text-align: justify;\">A batalha pela presid\u00eancia da Mesa Diretora do Senado Federal, disputada entre os senadores Pedro Taques (PDT) e Renan Calheiros (PMDB), a ser realizada ainda nesta sexta-feira ,01, ganha o refor\u00e7o do movimento em favor do fortalecimento da imagem da institui\u00e7\u00e3o, liderado pela bancada do PSB, conforme an\u00fancio feito pelo senador sergipano, Antonio Carlos Valadares.<\/p>\n<p style=\"text-align: justify;\">O socialista tem utilizado com frequ\u00eancia as redes sociais para uma mobiliza\u00e7\u00e3o nacional em favor do pedetista. \u201cO nosso apoio a Pedro Taques (PDT\/MT) simboliza uma aspira\u00e7\u00e3o nacional de mudan\u00e7as para revigorar a luta por um Senado mais forte\u201d, incentiva Valadares.<br \/>\nA declara\u00e7\u00e3o de apoio a Pedro Taques tamb\u00e9m foi levada a p\u00fablico, pelo senador Valadares, atrav\u00e9s das redes sociais, na noite da \u00faltima quinta-feira, 31, seguindo decis\u00e3o de consenso na bancada socialista.<\/p>\n<p style=\"text-align: justify;\">\u201cNa elei\u00e7\u00e3o para a presid\u00eancia do Senado, n\u00f3s do PSB, vamos com Pedro Taques (PDT). \u00c9 o candidato para fortalecer a imagem da Institui\u00e7\u00e3o\u201d, postou Valadares, em seu perfil no microblog twitter.<\/p>\n<p style=\"text-align: justify;\">A decis\u00e3o de n\u00e3o apoiar Renan Calheiros foi anunciada, em nota p\u00fablica, divulgada pelos socialistas, ainda na \u00faltima ter\u00e7a-feira (29).<\/p>\n<p style=\"text-align: justify;\"><span style=\"color: #333333;\"><strong>Por Eliz Moura, assessoria de imprensa<\/strong><\/span><br \/>\n<span style=\"color: #333333;\"><strong> Gabinete do Senador Antonio Carlos Valadares<\/strong><\/span><\/p>\n","protected":false},"excerpt":{"rendered":"<p>A batalha pela presid\u00eancia da Mesa Diretora do Senado Federal, disputada entre os senadores Pedro Taques (PDT) e Renan Calheiros (PMDB), a ser realizada ainda nesta sexta-feira ,01, ganha o refor\u00e7o do movimento em favor do fortalecimento da imagem da institui\u00e7\u00e3o, liderado pela bancada do PSB, conforme an\u00fancio feito pelo senador sergipano, Antonio Carlos Valadares. [&hellip;]<\/p>\n","protected":false},"author":1,"featured_media":28448,"comment_status":"closed","ping_status":"closed","sticky":false,"template":"","format":"standard","meta":{"footnotes":""},"categories":[6],"tags":[],"class_list":{"0":"post-43795","1":"post","2":"type-post","3":"status-publish","4":"format-standard","5":"has-post-thumbnail","7":"category-politica"},"_links":{"self":[{"href":"https:\/\/senoticias.com.br\/se\/wp-json\/wp\/v2\/posts\/43795"}],"collection":[{"href":"https:\/\/senoticias.com.br\/se\/wp-json\/wp\/v2\/posts"}],"about":[{"href":"https:\/\/senoticias.com.br\/se\/wp-json\/wp\/v2\/types\/post"}],"author":[{"embeddable":true,"href":"https:\/\/senoticias.com.br\/se\/wp-json\/wp\/v2\/users\/1"}],"replies":[{"embeddable":true,"href":"https:\/\/senoticias.com.br\/se\/wp-json\/wp\/v2\/comments?post=43795"}],"version-history":[{"count":0,"href":"https:\/\/senoticias.com.br\/se\/wp-json\/wp\/v2\/posts\/43795\/revisions"}],"wp:featuredmedia":[{"embeddable":true,"href":"https:\/\/senoticias.com.br\/se\/wp-json\/wp\/v2\/media\/28448"}],"wp:attachment":[{"href":"https:\/\/senoticias.com.br\/se\/wp-json\/wp\/v2\/media?parent=43795"}],"wp:term":[{"taxonomy":"category","embeddable":true,"href":"https:\/\/senoticias.com.br\/se\/wp-json\/wp\/v2\/categories?post=43795"},{"taxonomy":"post_tag","embeddable":true,"href":"https:\/\/senoticias.com.br\/se\/wp-json\/wp\/v2\/tags?post=43795"}],"curies":[{"name":"wp","href":"https:\/\/api.w.org\/{rel}","templated":true}]}}