{"id":43793,"date":"2013-02-01T06:56:34","date_gmt":"2013-02-01T09:56:34","guid":{"rendered":"http:\/\/senoticias.com.br\/se\/?p=43793"},"modified":"2013-02-01T06:58:54","modified_gmt":"2013-02-01T09:58:54","slug":"vereadores-de-aracaju-questionam-convocacao-extraordinaria","status":"publish","type":"post","link":"https:\/\/senoticias.com.br\/se\/vereadores-de-aracaju-questionam-convocacao-extraordinaria\/","title":{"rendered":"Vereadores de Aracaju questionam convoca\u00e7\u00e3o extraordin\u00e1ria"},"content":{"rendered":"<div id=\"attachment_43091\" style=\"width: 310px\" class=\"wp-caption alignleft\"><a href=\"http:\/\/senoticias.com.br\/se\/wp-content\/uploads\/2013\/01\/Lucimara.jpg\"><img loading=\"lazy\" decoding=\"async\" aria-describedby=\"caption-attachment-43091\" class=\"size-full wp-image-43091\" title=\"Lucimara\" src=\"http:\/\/senoticias.com.br\/se\/wp-content\/uploads\/2013\/01\/Lucimara.jpg\" alt=\"\" width=\"300\" height=\"199\" \/><\/a><p id=\"caption-attachment-43091\" class=\"wp-caption-text\">A vereadora Lucimara Passos (PCdoB), ressaltou que n\u00e3o concordava com a pauta de vota\u00e7\u00e3o. (Foto: Reprodu\u00e7\u00e3o)<\/p><\/div>\n<p style=\"text-align: justify;\">Durante a Sess\u00e3o Extraordin\u00e1ria da C\u00e2mara Municipal de Aracaju (CMA), realizada na tarde desta quinta-feira, 31\/1, no Plen\u00e1rio da Assembleia Legislativa de Sergipe, alguns vereadores questionaram a legalidade do ato. A d\u00favida de alguns parlamentares foi de que a convoca\u00e7\u00e3o era exclusivamente para votar a reforma administrativa da Prefeitura de Aracaju, tendo em vista que o Poder Executivo enviou outros projetos para serem apreciados pela Casa.<\/p>\n<p style=\"text-align: justify;\">O vereador Iran Barbosa (PT), afirmou que a convoca\u00e7\u00e3o feriu o que determina o Regimento Interno da CMA e a Lei Org\u00e2nica de Aracaju. \u201cEssa convoca\u00e7\u00e3o \u00e9 do Executivo e como sendo dele, n\u00f3s t\u00ednhamos que ser comunicados pela Mesa com 72h de anteced\u00eancia, o que n\u00e3o aconteceu\u201d, disse.<\/p>\n<p style=\"text-align: justify;\">A vereadora Lucimara Passos (PCdoB), ressaltou que n\u00e3o concordava com a pauta de vota\u00e7\u00e3o. \u201cFomos convocados para votar a reforma administrativa e quando chegamos aqui, n\u00e3o era apenas isso\u201d, disse. A vereadora se referiu ao pedido de autoriza\u00e7\u00e3o, por parte da Prefeitura, para a contrata\u00e7\u00e3o de empr\u00e9stimo de R$ 120 milh\u00f5es junto ao Banco Interamericano de Desenvolvimento (BID) e outro no valor de R$ 20 milh\u00f5es para a estrutura\u00e7\u00e3o da Guarda Municipal.<\/p>\n<p style=\"text-align: justify;\">Segundo a vereadora, n\u00e3o existe nenhum projeto pronto que justifique a contrata\u00e7\u00e3o desses empr\u00e9stimos. \u201cApenas d\u00e1 cheque em branco para o prefeito para que possa fazer o que quiser com o dinheiro no desenvolvimento urbano\u201d, afirmou. De acordo com o vereador Dr Agnaldo (PR), os recursos ser\u00e3o aplicados na constru\u00e7\u00e3o da avenida perimetral Oeste e o projeto est\u00e1 pronto. \u201cIsso foi uma promessa de campanha e terei o maior prazer em mostrar todo o estudo feito sobre o assunto\u201d, destacou.<\/p>\n<p style=\"text-align: justify;\">Sobre o recurso destinado a Guarda Municipal, Dr. Agnaldo disse que o valor ser\u00e1 investido na compra de equipamentos de prote\u00e7\u00e3o individual e na aquisi\u00e7\u00e3o de ve\u00edculos. \u201cEsses equipamentos, inclusive de armamentos pesados s\u00e3o caros e v\u00e3o ser aplicados para melhorias significativas na institui\u00e7\u00e3o\u201d, disse.<\/p>\n<p style=\"text-align: justify;\">O vice-l\u00edder do prefeito na Casa, vereador Renilson F\u00e9lix (DEM), destacou que a proposta da convoca\u00e7\u00e3o \u00e9 proporcionar que o prefeito Jo\u00e3o Alves Filho possa ter, de fato, governabilidade. \u201cN\u00e3o poder\u00edamos ficar de bra\u00e7os cruzados. J\u00e1 s\u00e3o 30 dias em que a Prefeitura tenta trabalhar, mas n\u00e3o consegue. O governo n\u00e3o pode parar e quem \u00e9 prejudicado, com isso, \u00e9 a popula\u00e7\u00e3o\u201d, afirmou.<\/p>\n<p style=\"text-align: justify;\">\u201cEntendo que a convoca\u00e7\u00e3o feita pela Mesa foi seguiu o que determina a legisla\u00e7\u00e3o. N\u00e3o existe nenhum tipo de ilegalidade nisso\u201d, ressaltou o vereador Jailton Santana (PSC). Para o vereador Nitinho (DEM), seria justo conceder um tempo maior para que a oposi\u00e7\u00e3o pudesse analisar os projetos. \u201cSempre critiquei a forma como os projetos eram encaminhados e \u00e9 hora de darmos exemplo. Todos os projetos encaminhados s\u00e3o s\u00e9rios e pensam no bem estar do povo de Aracaju e nada mais justo que a oposi\u00e7\u00e3o tenha um tempo para colocar suas emendas porque s\u00f3 quem ganha com isso \u00e9 a popula\u00e7\u00e3o\u201d, completou.<\/p>\n<p style=\"text-align: justify;\"><em><strong>Ascom\/C\u00e2mara<\/strong><\/em><\/p>\n","protected":false},"excerpt":{"rendered":"<p>Durante a Sess\u00e3o Extraordin\u00e1ria da C\u00e2mara Municipal de Aracaju (CMA), realizada na tarde desta quinta-feira, 31\/1, no Plen\u00e1rio da Assembleia Legislativa de Sergipe, alguns vereadores questionaram a legalidade do ato. A d\u00favida de alguns parlamentares foi de que a convoca\u00e7\u00e3o era exclusivamente para votar a reforma administrativa da Prefeitura de Aracaju, tendo em vista que [&hellip;]<\/p>\n","protected":false},"author":1,"featured_media":43091,"comment_status":"closed","ping_status":"closed","sticky":false,"template":"","format":"standard","meta":{"footnotes":""},"categories":[1],"tags":[],"class_list":{"0":"post-43793","1":"post","2":"type-post","3":"status-publish","4":"format-standard","5":"has-post-thumbnail","7":"category-sem-categoria"},"_links":{"self":[{"href":"https:\/\/senoticias.com.br\/se\/wp-json\/wp\/v2\/posts\/43793"}],"collection":[{"href":"https:\/\/senoticias.com.br\/se\/wp-json\/wp\/v2\/posts"}],"about":[{"href":"https:\/\/senoticias.com.br\/se\/wp-json\/wp\/v2\/types\/post"}],"author":[{"embeddable":true,"href":"https:\/\/senoticias.com.br\/se\/wp-json\/wp\/v2\/users\/1"}],"replies":[{"embeddable":true,"href":"https:\/\/senoticias.com.br\/se\/wp-json\/wp\/v2\/comments?post=43793"}],"version-history":[{"count":0,"href":"https:\/\/senoticias.com.br\/se\/wp-json\/wp\/v2\/posts\/43793\/revisions"}],"wp:featuredmedia":[{"embeddable":true,"href":"https:\/\/senoticias.com.br\/se\/wp-json\/wp\/v2\/media\/43091"}],"wp:attachment":[{"href":"https:\/\/senoticias.com.br\/se\/wp-json\/wp\/v2\/media?parent=43793"}],"wp:term":[{"taxonomy":"category","embeddable":true,"href":"https:\/\/senoticias.com.br\/se\/wp-json\/wp\/v2\/categories?post=43793"},{"taxonomy":"post_tag","embeddable":true,"href":"https:\/\/senoticias.com.br\/se\/wp-json\/wp\/v2\/tags?post=43793"}],"curies":[{"name":"wp","href":"https:\/\/api.w.org\/{rel}","templated":true}]}}