{"id":43790,"date":"2013-01-31T23:10:38","date_gmt":"2013-02-01T02:10:38","guid":{"rendered":"http:\/\/senoticias.com.br\/se\/?p=43790"},"modified":"2013-02-02T11:04:47","modified_gmt":"2013-02-02T14:04:47","slug":"feira-de-sergipe-gera-mais-de-cinco-milhoes","status":"publish","type":"post","link":"https:\/\/senoticias.com.br\/se\/feira-de-sergipe-gera-mais-de-cinco-milhoes\/","title":{"rendered":"Feira de Sergipe gera mais de cinco milh\u00f5es"},"content":{"rendered":"<h4><span style=\"color: #333333;\"><strong>Evento atingiu o \u00edndice de satisfa\u00e7\u00e3o dos expositores em 83% e 90% para os visitantes.<\/strong><\/span><\/h4>\n<div id=\"attachment_43792\" style=\"width: 310px\" class=\"wp-caption alignleft\"><a href=\"http:\/\/senoticias.com.br\/se\/wp-content\/uploads\/2013\/01\/110120-feira_de_sergipe.jpg\"><img loading=\"lazy\" decoding=\"async\" aria-describedby=\"caption-attachment-43792\" class=\"size-medium wp-image-43792\" title=\"Feira de Sergipe\" src=\"http:\/\/senoticias.com.br\/se\/wp-content\/uploads\/2013\/01\/110120-feira_de_sergipe-300x226.jpg\" alt=\"\" width=\"300\" height=\"226\" srcset=\"https:\/\/senoticias.com.br\/se\/wp-content\/uploads\/2013\/01\/110120-feira_de_sergipe-300x226.jpg 300w, https:\/\/senoticias.com.br\/se\/wp-content\/uploads\/2013\/01\/110120-feira_de_sergipe-342x258.jpg 342w, https:\/\/senoticias.com.br\/se\/wp-content\/uploads\/2013\/01\/110120-feira_de_sergipe-60x45.jpg 60w, https:\/\/senoticias.com.br\/se\/wp-content\/uploads\/2013\/01\/110120-feira_de_sergipe-150x113.jpg 150w, https:\/\/senoticias.com.br\/se\/wp-content\/uploads\/2013\/01\/110120-feira_de_sergipe.jpg 575w\" sizes=\"(max-width: 300px) 100vw, 300px\" \/><\/a><p id=\"caption-attachment-43792\" class=\"wp-caption-text\">Evento atingiu o \u00edndice de satisfa\u00e7\u00e3o dos expositores. (Foto: Reprodu\u00e7\u00e3o)<\/p><\/div>\n<p style=\"text-align: justify;\">Cerca de 100 mil pessoas visitaram os estandes da Feira de Sergipe armados na Pra\u00e7a de Eventos da Orla. A intensa programa\u00e7\u00e3o, com apresenta\u00e7\u00f5es de bandas locais, grupos folcl\u00f3ricos e manifesta\u00e7\u00f5es culturais, envolveu 1200 participantes. Vale destacar a grande variedade de artesanato e comidas t\u00edpicas, que agradaram sergipanos e turistas durante os treze dias de realiza\u00e7\u00e3o.<\/p>\n<p style=\"text-align: justify;\">Conforme explicou o superintendente do Sebrae\/SE, Lauro Vasconcelos, a Feira tem como objetivo valorizar os pequenos neg\u00f3cios, artesanato e a cultura sergipana, proporcionando oportunidade para divulga\u00e7\u00e3o e conquista de novos mercados. &#8220;Com a presen\u00e7a de milhares de turistas em Aracaju durante o per\u00edodo de alta esta\u00e7\u00e3o, a Feira se torna uma grande vitrine da nossa cultura, oferecendo entretenimento e oportunidade de neg\u00f3cios&#8221;, afirma Lauro Vasconcelos.<\/p>\n<p style=\"text-align: justify;\">O Superintendente disse que um evento do porte da Feira de Sergipe proporciona no seu entorno oportunidade tamb\u00e9m para centenas de pessoas que trabalham com seguran\u00e7a, receptivo, transporte, restaurantes, hospedagem al\u00e9m de outras atividades. Diretamente os expositores geraram ocupa\u00e7\u00e3o tempor\u00e1ria para cerca de 300 pessoas.<\/p>\n<p style=\"text-align: justify;\">Na Feira estavam expostos produtos de associa\u00e7\u00f5es assistidas por projetos do Sebrae, como \u00e9 o caso do Economia Criativa, que disponibilizou pe\u00e7as de oito institui\u00e7\u00f5es do interior. Tamb\u00e9m estavam presentes v\u00e1rios munic\u00edpios com estandes institucionais, al\u00e9m de diversos empreendimentos.<\/p>\n<p style=\"text-align: justify;\">O evento foi realizado pelo Sebrae, contando com o apoio do Governo do Estado, Prefeitura de Aracaju, Banco Santander, Banco do Brasil, Caixa Econ\u00f4mica Federal e Banese. Institui\u00e7\u00f5es que apoiam o desenvolvimento econ\u00f4mico e oferecem cr\u00e9dito para pequenos empreendimentos.<\/p>\n<p style=\"text-align: justify;\"><strong>Resultados<\/strong><\/p>\n<p style=\"text-align: justify;\">Segundo pesquisa realizada com expositores e visitantes, durante o evento foram fechados neg\u00f3cios em torno de R$ 5 milh\u00f5es. O \u00edndice de satisfa\u00e7\u00e3o dos expositores chegou a 83% e 90% para os visitantes. A pesquisa mostrou ainda que 40% do p\u00fablico foi de turistas, principalmente de Minas Gerais, S\u00e3o Paulo, Distrito Federal e Bahia.<\/p>\n<p style=\"text-align: justify;\">Vale lembrar que uma Feira proporciona neg\u00f3cios a curto, m\u00e9dio e longo prazo, fruto de contatos com potenciais compradores que observam os produtos, trocam cart\u00f5es e depois firmam parcerias comerciais no decorrer do ano.<\/p>\n<p style=\"text-align: justify;\"><strong>Novidades para 2014<\/strong><\/p>\n<p style=\"text-align: justify;\">Para 2014, quando a Feira completa 15 anos, a dire\u00e7\u00e3o e a equipe operacional do Sebrae est\u00e3o anunciando uma reestrutura\u00e7\u00e3o do evento, com novo lay-out e nova forma de apresenta\u00e7\u00e3o. O objetivo \u00e9 tornar o evento cada vez mais atrativo e com bons resultados para expositores e visitantes.<\/p>\n<p style=\"text-align: justify;\"><em><strong>Luiz Fialho: Sebrae\/SE<\/strong><\/em><\/p>\n","protected":false},"excerpt":{"rendered":"<p>Evento atingiu o \u00edndice de satisfa\u00e7\u00e3o dos expositores em 83% e 90% para os visitantes. Cerca de 100 mil pessoas visitaram os estandes da Feira de Sergipe armados na Pra\u00e7a de Eventos da Orla. A intensa programa\u00e7\u00e3o, com apresenta\u00e7\u00f5es de bandas locais, grupos folcl\u00f3ricos e manifesta\u00e7\u00f5es culturais, envolveu 1200 participantes. Vale destacar a grande variedade [&hellip;]<\/p>\n","protected":false},"author":1,"featured_media":43792,"comment_status":"closed","ping_status":"closed","sticky":false,"template":"","format":"standard","meta":{"footnotes":""},"categories":[310,1],"tags":[],"class_list":{"0":"post-43790","1":"post","2":"type-post","3":"status-publish","4":"format-standard","5":"has-post-thumbnail","7":"category-destaques-da-semana","8":"category-sem-categoria"},"_links":{"self":[{"href":"https:\/\/senoticias.com.br\/se\/wp-json\/wp\/v2\/posts\/43790"}],"collection":[{"href":"https:\/\/senoticias.com.br\/se\/wp-json\/wp\/v2\/posts"}],"about":[{"href":"https:\/\/senoticias.com.br\/se\/wp-json\/wp\/v2\/types\/post"}],"author":[{"embeddable":true,"href":"https:\/\/senoticias.com.br\/se\/wp-json\/wp\/v2\/users\/1"}],"replies":[{"embeddable":true,"href":"https:\/\/senoticias.com.br\/se\/wp-json\/wp\/v2\/comments?post=43790"}],"version-history":[{"count":0,"href":"https:\/\/senoticias.com.br\/se\/wp-json\/wp\/v2\/posts\/43790\/revisions"}],"wp:featuredmedia":[{"embeddable":true,"href":"https:\/\/senoticias.com.br\/se\/wp-json\/wp\/v2\/media\/43792"}],"wp:attachment":[{"href":"https:\/\/senoticias.com.br\/se\/wp-json\/wp\/v2\/media?parent=43790"}],"wp:term":[{"taxonomy":"category","embeddable":true,"href":"https:\/\/senoticias.com.br\/se\/wp-json\/wp\/v2\/categories?post=43790"},{"taxonomy":"post_tag","embeddable":true,"href":"https:\/\/senoticias.com.br\/se\/wp-json\/wp\/v2\/tags?post=43790"}],"curies":[{"name":"wp","href":"https:\/\/api.w.org\/{rel}","templated":true}]}}