{"id":43788,"date":"2013-01-31T22:48:01","date_gmt":"2013-02-01T01:48:01","guid":{"rendered":"http:\/\/senoticias.com.br\/se\/?p=43788"},"modified":"2013-02-01T18:33:21","modified_gmt":"2013-02-01T21:33:21","slug":"padre-e-indiciado-por-abuso-sexual-em-sergipe","status":"publish","type":"post","link":"https:\/\/senoticias.com.br\/se\/padre-e-indiciado-por-abuso-sexual-em-sergipe\/","title":{"rendered":"Padre \u00e9 indiciado por abuso sexual, em Sergipe"},"content":{"rendered":"<p><a href=\"  http:\/\/g1.globo.com\/se\/sergipe\/noticia\/2013\/01\/padre-e-indiciado-por-abuso-sexual-em-sergipe.html\" target=\"_blank\"><strong>Do G1 SE<\/strong><\/a><\/p>\n<p><span style=\"color: #333333;\"><strong>Apesar dos presentes e das viagens, a m\u00e3e nunca desconfiou.<\/strong><\/span><br \/>\n<span style=\"color: #333333;\"><strong> Segundo o delegado o inqu\u00e9rito est\u00e1 conclu\u00eddo<\/strong><\/span><\/p>\n<div id=\"attachment_40797\" style=\"width: 220px\" class=\"wp-caption alignleft\"><a href=\"http:\/\/senoticias.com.br\/se\/wp-content\/uploads\/2012\/11\/Padre.jpg\"><img loading=\"lazy\" decoding=\"async\" aria-describedby=\"caption-attachment-40797\" class=\"size-full wp-image-40797\" title=\"Padre\" src=\"http:\/\/senoticias.com.br\/se\/wp-content\/uploads\/2012\/11\/Padre.jpg\" alt=\"\" width=\"210\" height=\"153\" srcset=\"https:\/\/senoticias.com.br\/se\/wp-content\/uploads\/2012\/11\/Padre.jpg 210w, https:\/\/senoticias.com.br\/se\/wp-content\/uploads\/2012\/11\/Padre-60x45.jpg 60w, https:\/\/senoticias.com.br\/se\/wp-content\/uploads\/2012\/11\/Padre-90x65.jpg 90w\" sizes=\"(max-width: 210px) 100vw, 210px\" \/><\/a><p id=\"caption-attachment-40797\" class=\"wp-caption-text\">Padre \u00e9 indiciado por abuso sexual. (Foto meramente ilustrativa)<\/p><\/div>\n<p style=\"text-align: justify;\">Um padre da Par\u00f3quia do munic\u00edpio de Nossa Senhora da Gl\u00f3ria, sert\u00e3o de Sergipe, foi indiciado ap\u00f3s suspeita de abuso sexual contra menores. Segundo familiares de uma das v\u00edtimas, um menor de 12 anos, o crime acontecia dentro da igreja e no apartamento do padre.<br \/>\nAp\u00f3s uma den\u00fancia an\u00f4nima pelo disque 100, a pol\u00edcia civil come\u00e7ou a investiga\u00e7\u00e3o. \u201cConversei com a v\u00edtima e nessa conversa ela confirmou o abuso\u201d, explica o delegado Ant\u00f4nio Francisco.<\/p>\n<p style=\"text-align: justify;\">A m\u00e3e de uma das v\u00edtimas s\u00f3 ficou sabendo caso atrav\u00e9s do delegado. Ao saber da hist\u00f3ria, o filho confirmou o caso. \u201cPelo fato de eu ser de uma fam\u00edlia cat\u00f3lica, a gente n\u00e3o imaginava que isso fosse acontecer. Ele usou o menino dentro do apartamento e dentro da pr\u00f3pria igreja\u201d, revela.<\/p>\n<p style=\"text-align: justify;\">Apesar dos presentes e das viagens, a m\u00e3e nunca desconfiou. \u201cComo \u00e9 que uma pessoa se diz ser padre e depois usar as crian\u00e7as\u201d, relata.<\/p>\n<p style=\"text-align: justify;\">Depois da primeira den\u00fancia, outro jovem tamb\u00e9m prestou depoimento na pol\u00edcia como v\u00edtima de abuso sexual do padre. Segundo ele, aos 12 anos, quando era coroinha da igreja, sofria assedio. V\u00e1rios anos se passaram, mas por vergonha ele nunca denunciou. Hoje ele conta que teve depress\u00e3o e ainda hoje sofre as consequ\u00eancias do abuso.<\/p>\n<p style=\"text-align: justify;\">\u201cEu perdi a oportunidade de trabalho por esse motivo, pois a sociedade acha que sabe que eu sou o mentiroso de Gl\u00f3ria. Hoje eu n\u00e3o consigo emprego, pois as pessoas me olham de outra forma\u201d, conta.<\/p>\n<p style=\"text-align: justify;\">Segundo o delegado o inqu\u00e9rito est\u00e1 conclu\u00eddo e o padre negou as acusa\u00e7\u00f5es. \u201cO inqu\u00e9rito vai ser remetido a justi\u00e7a e por enquanto n\u00e3o haver\u00e1 pedido de pris\u00e3o\u201d, explica.<\/p>\n<p style=\"text-align: justify;\">O padre foi procurado na casa paroquial, mas ele n\u00e3o estava na cidade.<br \/>\nO conselho tutelar tamb\u00e9m ser\u00e1 investigado, pois sabia do caso e n\u00e3o teria se manifestado.<\/p>\n","protected":false},"excerpt":{"rendered":"<p>Do G1 SE Apesar dos presentes e das viagens, a m\u00e3e nunca desconfiou. Segundo o delegado o inqu\u00e9rito est\u00e1 conclu\u00eddo Um padre da Par\u00f3quia do munic\u00edpio de Nossa Senhora da Gl\u00f3ria, sert\u00e3o de Sergipe, foi indiciado ap\u00f3s suspeita de abuso sexual contra menores. Segundo familiares de uma das v\u00edtimas, um menor de 12 anos, o [&hellip;]<\/p>\n","protected":false},"author":1,"featured_media":40797,"comment_status":"closed","ping_status":"closed","sticky":false,"template":"","format":"standard","meta":{"footnotes":""},"categories":[310,7,46,1],"tags":[],"class_list":{"0":"post-43788","1":"post","2":"type-post","3":"status-publish","4":"format-standard","5":"has-post-thumbnail","7":"category-destaques-da-semana","8":"category-policia","9":"category-religiao","10":"category-sem-categoria"},"_links":{"self":[{"href":"https:\/\/senoticias.com.br\/se\/wp-json\/wp\/v2\/posts\/43788"}],"collection":[{"href":"https:\/\/senoticias.com.br\/se\/wp-json\/wp\/v2\/posts"}],"about":[{"href":"https:\/\/senoticias.com.br\/se\/wp-json\/wp\/v2\/types\/post"}],"author":[{"embeddable":true,"href":"https:\/\/senoticias.com.br\/se\/wp-json\/wp\/v2\/users\/1"}],"replies":[{"embeddable":true,"href":"https:\/\/senoticias.com.br\/se\/wp-json\/wp\/v2\/comments?post=43788"}],"version-history":[{"count":0,"href":"https:\/\/senoticias.com.br\/se\/wp-json\/wp\/v2\/posts\/43788\/revisions"}],"wp:featuredmedia":[{"embeddable":true,"href":"https:\/\/senoticias.com.br\/se\/wp-json\/wp\/v2\/media\/40797"}],"wp:attachment":[{"href":"https:\/\/senoticias.com.br\/se\/wp-json\/wp\/v2\/media?parent=43788"}],"wp:term":[{"taxonomy":"category","embeddable":true,"href":"https:\/\/senoticias.com.br\/se\/wp-json\/wp\/v2\/categories?post=43788"},{"taxonomy":"post_tag","embeddable":true,"href":"https:\/\/senoticias.com.br\/se\/wp-json\/wp\/v2\/tags?post=43788"}],"curies":[{"name":"wp","href":"https:\/\/api.w.org\/{rel}","templated":true}]}}