{"id":43785,"date":"2013-01-31T20:28:52","date_gmt":"2013-01-31T23:28:52","guid":{"rendered":"http:\/\/senoticias.com.br\/se\/?p=43785"},"modified":"2013-01-31T20:28:52","modified_gmt":"2013-01-31T23:28:52","slug":"combate-a-homicidios-preso-acusado-de-matar-comerciante-em-estancia","status":"publish","type":"post","link":"https:\/\/senoticias.com.br\/se\/combate-a-homicidios-preso-acusado-de-matar-comerciante-em-estancia\/","title":{"rendered":"Combate a homic\u00eddios: Preso acusado de matar comerciante em Est\u00e2ncia"},"content":{"rendered":"<p>&nbsp;<\/p>\n<div id=\"attachment_43786\" style=\"width: 230px\" class=\"wp-caption alignleft\"><a href=\"http:\/\/senoticias.com.br\/se\/wp-content\/uploads\/2013\/01\/Est\u00e2ncia.jpg\"><img loading=\"lazy\" decoding=\"async\" aria-describedby=\"caption-attachment-43786\" class=\"size-full wp-image-43786\" title=\"Est\u00e2ncia\" src=\"http:\/\/senoticias.com.br\/se\/wp-content\/uploads\/2013\/01\/Est\u00e2ncia.jpg\" alt=\"\" width=\"220\" height=\"124\" \/><\/a><p id=\"caption-attachment-43786\" class=\"wp-caption-text\">Jos\u00e9 Evanilton Gomes dos Santos.(SSP\/SE)<\/p><\/div>\n<p style=\"text-align: justify;\">Policiais da Delegacia Regional de Est\u00e2ncia prenderam na \u00faltima sexta-feira, 25, Jos\u00e9 Evanilton Gomes dos Santos. Conforme as investiga\u00e7\u00f5es, ele \u00e9 autor material da morte de Miguel Rodrigues, 53 anos. A v\u00edtima foi morta com um tiro no pesco\u00e7o em sua casa, onde tamb\u00e9m funciona um bar, no povoado Farnaval, em Est\u00e2ncia.<\/p>\n<p style=\"text-align: justify;\">Segundo o delegado Hilton Duarte, o bar da v\u00edtima \u00e9 muito frequentado aos s\u00e1bados e domingos e que a inten\u00e7\u00e3o dos acusados era justamente roubar o comerciante no final do dia do domingo, quando a v\u00edtima teria uma grande soma em dinheiro.<\/p>\n<p style=\"text-align: justify;\">\u201cObjetivando levar o que apurado com a venda do estabelecimento, Evanilton e mais um comparsa anunciaram um assalto na manh\u00e3 do dia 22. Assustando-se com a rea\u00e7\u00e3o da vitima, Jos\u00e9 Evanilton acabou atirando contra o comerciante, que foi alvejado no pesco\u00e7o. Em seguida, fugiram sem levar nada\u201d, destacou.<\/p>\n<p style=\"text-align: justify;\">A pris\u00e3o de Jos\u00e9 Evanilton foi decretada pela Justi\u00e7a ap\u00f3s ele ser reconhecido por testemunhas, incluindo a vi\u00fava da vitima que estava no quarto ao lado e conseguiu ver os criminosos. Hilton Duarte ressaltou que Jos\u00e9 Evanilton agiu em parceria com um adolescente, que j\u00e1 foi identificado. O delegado n\u00e3o descarta a participa\u00e7\u00e3o dos acusados em outros crimes.<\/p>\n<p style=\"text-align: justify;\"><em><strong>SSP\/SE<\/strong><\/em><\/p>\n","protected":false},"excerpt":{"rendered":"<p>&nbsp; Policiais da Delegacia Regional de Est\u00e2ncia prenderam na \u00faltima sexta-feira, 25, Jos\u00e9 Evanilton Gomes dos Santos. Conforme as investiga\u00e7\u00f5es, ele \u00e9 autor material da morte de Miguel Rodrigues, 53 anos. A v\u00edtima foi morta com um tiro no pesco\u00e7o em sua casa, onde tamb\u00e9m funciona um bar, no povoado Farnaval, em Est\u00e2ncia. Segundo o [&hellip;]<\/p>\n","protected":false},"author":1,"featured_media":43786,"comment_status":"closed","ping_status":"closed","sticky":false,"template":"","format":"standard","meta":{"footnotes":""},"categories":[7],"tags":[],"class_list":{"0":"post-43785","1":"post","2":"type-post","3":"status-publish","4":"format-standard","5":"has-post-thumbnail","7":"category-policia"},"_links":{"self":[{"href":"https:\/\/senoticias.com.br\/se\/wp-json\/wp\/v2\/posts\/43785"}],"collection":[{"href":"https:\/\/senoticias.com.br\/se\/wp-json\/wp\/v2\/posts"}],"about":[{"href":"https:\/\/senoticias.com.br\/se\/wp-json\/wp\/v2\/types\/post"}],"author":[{"embeddable":true,"href":"https:\/\/senoticias.com.br\/se\/wp-json\/wp\/v2\/users\/1"}],"replies":[{"embeddable":true,"href":"https:\/\/senoticias.com.br\/se\/wp-json\/wp\/v2\/comments?post=43785"}],"version-history":[{"count":0,"href":"https:\/\/senoticias.com.br\/se\/wp-json\/wp\/v2\/posts\/43785\/revisions"}],"wp:featuredmedia":[{"embeddable":true,"href":"https:\/\/senoticias.com.br\/se\/wp-json\/wp\/v2\/media\/43786"}],"wp:attachment":[{"href":"https:\/\/senoticias.com.br\/se\/wp-json\/wp\/v2\/media?parent=43785"}],"wp:term":[{"taxonomy":"category","embeddable":true,"href":"https:\/\/senoticias.com.br\/se\/wp-json\/wp\/v2\/categories?post=43785"},{"taxonomy":"post_tag","embeddable":true,"href":"https:\/\/senoticias.com.br\/se\/wp-json\/wp\/v2\/tags?post=43785"}],"curies":[{"name":"wp","href":"https:\/\/api.w.org\/{rel}","templated":true}]}}