{"id":43783,"date":"2013-01-31T20:21:30","date_gmt":"2013-01-31T23:21:30","guid":{"rendered":"http:\/\/senoticias.com.br\/se\/?p=43783"},"modified":"2013-01-31T20:21:30","modified_gmt":"2013-01-31T23:21:30","slug":"comando-expulsa-soldado-que-participou-de-chacina-no-huse","status":"publish","type":"post","link":"https:\/\/senoticias.com.br\/se\/comando-expulsa-soldado-que-participou-de-chacina-no-huse\/","title":{"rendered":"Comando expulsa soldado que participou de chacina no Huse"},"content":{"rendered":"<p>&nbsp;<\/p>\n<div id=\"attachment_39067\" style=\"width: 310px\" class=\"wp-caption alignleft\"><a href=\"http:\/\/senoticias.com.br\/se\/wp-content\/uploads\/2012\/08\/Yunes.jpg\"><img loading=\"lazy\" decoding=\"async\" aria-describedby=\"caption-attachment-39067\" class=\"size-medium wp-image-39067\" title=\"Yunes\" src=\"http:\/\/senoticias.com.br\/se\/wp-content\/uploads\/2012\/08\/Yunes-300x198.jpg\" alt=\"\" width=\"300\" height=\"198\" \/><\/a><p id=\"caption-attachment-39067\" class=\"wp-caption-text\">Cel Yunes. (Foto: Reprodu\u00e7\u00e3o)<\/p><\/div>\n<p style=\"text-align: justify;\">A Pol\u00edcia Militar de Sergipe expulsou dos quadros da Corpora\u00e7\u00e3o o soldado Jean Alves de Souza, acusado de participar da chacina do Hospital de Urg\u00eancia de Sergipe (Huse) no dia 27 de abril de 2012.<\/p>\n<p style=\"text-align: justify;\">De acordo com o assessor de comunica\u00e7\u00e3o da PM, Major Paulo C\u00e9sar Paiva, o coronel Maur\u00edcio Iunes, comandante da PM, se embasou no resultado de um Procedimento Administrativo de Licenciamento, instaurado no dia 30 de abril de 2012, para expulsar o militar das fileiras da Institui\u00e7\u00e3o. \u201cO procedimento administrativo concluiu que a perman\u00eancia do policial nos quadros funcionais feria o pundonor, a honra, o decoro e a imagem da PMSE\u201d, destacou Paiva.<\/p>\n<p style=\"text-align: justify;\">Ele ressaltou, ainda, que a Pol\u00edcia Militar n\u00e3o julgou Jean Alves pelo crime praticado no Huse, mas apenas sua conduta \u00e9tica. \u201cNo procedimento administrativo s\u00e3o dados ao acusado os direitos a ampla defesa e ao contradit\u00f3rio\u201d, disse. Al\u00e9m de Jean Alves, tamb\u00e9m estava envolvido no crime o tenente Genilson Alves de Souza.<\/p>\n<p style=\"text-align: justify;\">O tenente foi submetido a um Conselho de Justifica\u00e7\u00e3o, que tamb\u00e9m \u00e9 uma esp\u00e9cie de Procedimento Administrativo, cujo resultado afinal apontou culpabilidade na sua conduta. \u201cPor se tratar de um oficial, ele goza de algumas prerrogativas funcionais, dentre elas o direito de n\u00e3o ser exclu\u00eddo pelo comandante geral. O comandante geral tamb\u00e9m o considerou culpado e remeteu os autos do processo para o Tribunal de Justi\u00e7a de Sergipe, a quem a lei confere o poder de julgar o oficial\u201d, destacou.<\/p>\n<p style=\"text-align: justify;\">As penas administrativas que podem ser impostas ao tenente s\u00e3o reforma compuls\u00f3ria ou algo mais grave como indignidade para o oficialato ou a perda da patente. No caso do soldado Jean Alves, ele ainda pode recorrer na esfera administrativa da decis\u00e3o do coronel Maur\u00edcio Iunes. \u201cCaso ele queira recorrer da decis\u00e3o do comandante ele ter\u00e1 30 dias para faz\u00ea-lo. S\u00f3 o governador do Estado pode interferir nesta decis\u00e3o\u201d, explicou Paiva.<\/p>\n<p style=\"text-align: justify;\"><strong>Esfera penal<\/strong><\/p>\n<p style=\"text-align: justify;\">Al\u00e9m de responder na esfera administrativa, os respons\u00e1veis pela chacina v\u00e3o responder na esfera penal pelo crime de homic\u00eddio qualificado. A Pol\u00edcia Civil indiciou o tenente Genilson Alves de Souza, o agente penitenci\u00e1rio Ralf Monteiro, o soldado Jean Alves Souza, e o funcion\u00e1rio p\u00fablico Ginaldo Alves de Souza, sendo esses dois irm\u00e3os do oficial.<\/p>\n<p style=\"text-align: justify;\">As investiga\u00e7\u00f5es apontaram o tenente Genilson e o soldado Jean como os respons\u00e1veis pelos disparos que atingiram as tr\u00eas v\u00edtimas, que estavam no interior do hospital. Ainda segundo o inqu\u00e9rito, Ginaldo, irm\u00e3o dos militares, segurou a v\u00edtima identificada como M\u00e1rcio Alves dos Santos antes da execu\u00e7\u00e3o.<\/p>\n<p style=\"text-align: justify;\">J\u00e1 o Ralf foi indiciado por ter indicado Adalberto Santos Silva e Cleidson dos Santos para os militares como sendo respons\u00e1veis pelo roubo de uma motocicleta que culminou com a morte de Jailson Alves, que tamb\u00e9m era irm\u00e3o dos militares e que veio a falecer ap\u00f3s d\u00e1 entrada no Huse.<\/p>\n<p style=\"text-align: justify;\"><em><strong>Ag\u00eancia Sergipe de Not\u00edcias<\/strong><\/em><\/p>\n","protected":false},"excerpt":{"rendered":"<p>&nbsp; A Pol\u00edcia Militar de Sergipe expulsou dos quadros da Corpora\u00e7\u00e3o o soldado Jean Alves de Souza, acusado de participar da chacina do Hospital de Urg\u00eancia de Sergipe (Huse) no dia 27 de abril de 2012. De acordo com o assessor de comunica\u00e7\u00e3o da PM, Major Paulo C\u00e9sar Paiva, o coronel Maur\u00edcio Iunes, comandante da [&hellip;]<\/p>\n","protected":false},"author":1,"featured_media":39067,"comment_status":"closed","ping_status":"closed","sticky":false,"template":"","format":"standard","meta":{"footnotes":""},"categories":[7],"tags":[],"class_list":{"0":"post-43783","1":"post","2":"type-post","3":"status-publish","4":"format-standard","5":"has-post-thumbnail","7":"category-policia"},"_links":{"self":[{"href":"https:\/\/senoticias.com.br\/se\/wp-json\/wp\/v2\/posts\/43783"}],"collection":[{"href":"https:\/\/senoticias.com.br\/se\/wp-json\/wp\/v2\/posts"}],"about":[{"href":"https:\/\/senoticias.com.br\/se\/wp-json\/wp\/v2\/types\/post"}],"author":[{"embeddable":true,"href":"https:\/\/senoticias.com.br\/se\/wp-json\/wp\/v2\/users\/1"}],"replies":[{"embeddable":true,"href":"https:\/\/senoticias.com.br\/se\/wp-json\/wp\/v2\/comments?post=43783"}],"version-history":[{"count":0,"href":"https:\/\/senoticias.com.br\/se\/wp-json\/wp\/v2\/posts\/43783\/revisions"}],"wp:featuredmedia":[{"embeddable":true,"href":"https:\/\/senoticias.com.br\/se\/wp-json\/wp\/v2\/media\/39067"}],"wp:attachment":[{"href":"https:\/\/senoticias.com.br\/se\/wp-json\/wp\/v2\/media?parent=43783"}],"wp:term":[{"taxonomy":"category","embeddable":true,"href":"https:\/\/senoticias.com.br\/se\/wp-json\/wp\/v2\/categories?post=43783"},{"taxonomy":"post_tag","embeddable":true,"href":"https:\/\/senoticias.com.br\/se\/wp-json\/wp\/v2\/tags?post=43783"}],"curies":[{"name":"wp","href":"https:\/\/api.w.org\/{rel}","templated":true}]}}