{"id":43780,"date":"2013-01-31T20:13:54","date_gmt":"2013-01-31T23:13:54","guid":{"rendered":"http:\/\/senoticias.com.br\/se\/?p=43780"},"modified":"2013-01-31T20:18:41","modified_gmt":"2013-01-31T23:18:41","slug":"prefeitos-de-sergipe-terao-audiencia-com-o-ministro-fernando-bezerra","status":"publish","type":"post","link":"https:\/\/senoticias.com.br\/se\/prefeitos-de-sergipe-terao-audiencia-com-o-ministro-fernando-bezerra\/","title":{"rendered":"Prefeitos de Sergipe ter\u00e3o audi\u00eancia com o ministro Fernando Bezerra"},"content":{"rendered":"<p>&nbsp;<\/p>\n<div id=\"attachment_43782\" style=\"width: 310px\" class=\"wp-caption alignleft\"><a href=\"http:\/\/senoticias.com.br\/se\/wp-content\/uploads\/2013\/01\/TONH\u00c3O.jpg\"><img loading=\"lazy\" decoding=\"async\" aria-describedby=\"caption-attachment-43782\" class=\"size-medium wp-image-43782\" title=\"TONH\u00c3O\" src=\"http:\/\/senoticias.com.br\/se\/wp-content\/uploads\/2013\/01\/TONH\u00c3O-300x225.jpg\" alt=\"\" width=\"300\" height=\"225\" srcset=\"https:\/\/senoticias.com.br\/se\/wp-content\/uploads\/2013\/01\/TONH\u00c3O-300x225.jpg 300w, https:\/\/senoticias.com.br\/se\/wp-content\/uploads\/2013\/01\/TONH\u00c3O-342x256.jpg 342w, https:\/\/senoticias.com.br\/se\/wp-content\/uploads\/2013\/01\/TONH\u00c3O-60x45.jpg 60w, https:\/\/senoticias.com.br\/se\/wp-content\/uploads\/2013\/01\/TONH\u00c3O-150x113.jpg 150w, https:\/\/senoticias.com.br\/se\/wp-content\/uploads\/2013\/01\/TONH\u00c3O-269x201.jpg 269w, https:\/\/senoticias.com.br\/se\/wp-content\/uploads\/2013\/01\/TONH\u00c3O.jpg 350w\" sizes=\"(max-width: 300px) 100vw, 300px\" \/><\/a><p id=\"caption-attachment-43782\" class=\"wp-caption-text\">Prefeito de Monte Alegre, Tonh\u00e3o. (Reprodu\u00e7\u00e3o)<\/p><\/div>\n<p style=\"text-align: justify;\">Na pr\u00f3xima ter\u00e7a-feira (05), prefeitos sergipanos do alto sert\u00e3o v\u00e3o participar de uma audi\u00eancia com o ministro da Integra\u00e7\u00e3o Nacional, Fernando Bezerra, em seu gabinete em Bras\u00edlia. O objetivo \u00e9 discutir solu\u00e7\u00f5es a curto e m\u00e9dio prazo para as dificuldades que muitos munic\u00edpios v\u00eam enfrentando em virtude da seca.<\/p>\n<p style=\"text-align: justify;\">A iniciativa da reuni\u00e3o surgiu durante o I Encontro dos Prefeitos do Semi-\u00c1rido Sergipano, ocorrido no in\u00edcio do m\u00eas em Canind\u00e9 do S\u00e3o Francisco. A Federa\u00e7\u00e3o dos Munic\u00edpios do Estado de Sergipe (Fames) ir\u00e1 acompanhar a reuni\u00e3o, representada pelo prefeito de Monte Alegre e presidente da entidade, Ant\u00f4nio Fernandes Rodrigues (\u201cTonh\u00e3o\u201d) e pelo vice-presidente Heleno Silva, prefeito de Canind\u00e9.<\/p>\n<p style=\"text-align: justify;\">\u201cEsta audi\u00eancia ser\u00e1 uma grande oportunidade de expor os problemas que o povo sertanejo vem enfrentando h\u00e1 tanto tempo. Apesar das chuvas que ca\u00edram na regi\u00e3o h\u00e1 cerca de 15 dias, as dificuldades continuam. N\u00e3o podemos sair do estado de alerta permanente\u201d, frisa Tonh\u00e3o.<\/p>\n<p style=\"text-align: justify;\">Atualmente, 19 munic\u00edpios est\u00e3o em estado de emerg\u00eancia, sendo 11 somente na regi\u00e3o. \u201c\u00c9 agora que devemos nos unir mais ainda em prol de solu\u00e7\u00f5es, expondo na ocasi\u00e3o todos os preju\u00edzos enfrentados pelo sertanejo\u201d, destaca.<\/p>\n<p style=\"text-align: justify;\"><em><strong>Empauta Comunica\u00e7\u00e3o<\/strong><\/em><\/p>\n","protected":false},"excerpt":{"rendered":"<p>&nbsp; Na pr\u00f3xima ter\u00e7a-feira (05), prefeitos sergipanos do alto sert\u00e3o v\u00e3o participar de uma audi\u00eancia com o ministro da Integra\u00e7\u00e3o Nacional, Fernando Bezerra, em seu gabinete em Bras\u00edlia. O objetivo \u00e9 discutir solu\u00e7\u00f5es a curto e m\u00e9dio prazo para as dificuldades que muitos munic\u00edpios v\u00eam enfrentando em virtude da seca. A iniciativa da reuni\u00e3o surgiu [&hellip;]<\/p>\n","protected":false},"author":1,"featured_media":43782,"comment_status":"closed","ping_status":"closed","sticky":false,"template":"","format":"standard","meta":{"footnotes":""},"categories":[6,1],"tags":[],"class_list":{"0":"post-43780","1":"post","2":"type-post","3":"status-publish","4":"format-standard","5":"has-post-thumbnail","7":"category-politica","8":"category-sem-categoria"},"_links":{"self":[{"href":"https:\/\/senoticias.com.br\/se\/wp-json\/wp\/v2\/posts\/43780"}],"collection":[{"href":"https:\/\/senoticias.com.br\/se\/wp-json\/wp\/v2\/posts"}],"about":[{"href":"https:\/\/senoticias.com.br\/se\/wp-json\/wp\/v2\/types\/post"}],"author":[{"embeddable":true,"href":"https:\/\/senoticias.com.br\/se\/wp-json\/wp\/v2\/users\/1"}],"replies":[{"embeddable":true,"href":"https:\/\/senoticias.com.br\/se\/wp-json\/wp\/v2\/comments?post=43780"}],"version-history":[{"count":0,"href":"https:\/\/senoticias.com.br\/se\/wp-json\/wp\/v2\/posts\/43780\/revisions"}],"wp:featuredmedia":[{"embeddable":true,"href":"https:\/\/senoticias.com.br\/se\/wp-json\/wp\/v2\/media\/43782"}],"wp:attachment":[{"href":"https:\/\/senoticias.com.br\/se\/wp-json\/wp\/v2\/media?parent=43780"}],"wp:term":[{"taxonomy":"category","embeddable":true,"href":"https:\/\/senoticias.com.br\/se\/wp-json\/wp\/v2\/categories?post=43780"},{"taxonomy":"post_tag","embeddable":true,"href":"https:\/\/senoticias.com.br\/se\/wp-json\/wp\/v2\/tags?post=43780"}],"curies":[{"name":"wp","href":"https:\/\/api.w.org\/{rel}","templated":true}]}}