{"id":43777,"date":"2013-01-31T20:08:04","date_gmt":"2013-01-31T23:08:04","guid":{"rendered":"http:\/\/senoticias.com.br\/se\/?p=43777"},"modified":"2013-02-01T16:58:58","modified_gmt":"2013-02-01T19:58:58","slug":"mpfse-sentenca-obriga-orgaos-a-recuperar-area-degradada","status":"publish","type":"post","link":"https:\/\/senoticias.com.br\/se\/mpfse-sentenca-obriga-orgaos-a-recuperar-area-degradada\/","title":{"rendered":"MPF\/SE: senten\u00e7a obriga \u00f3rg\u00e3os a recuperar \u00e1rea degradada"},"content":{"rendered":"<p>&nbsp;<\/p>\n<p style=\"text-align: justify;\"><span style=\"color: #333333;\"><strong>Uni\u00e3o, munic\u00edpio de Aracaju e Emurb devem reparar dano causado por ocupa\u00e7\u00e3o irregular na margem do rio Poxim<\/strong><\/span><\/p>\n<p style=\"text-align: justify;\"><a href=\"http:\/\/senoticias.com.br\/se\/wp-content\/uploads\/2012\/03\/MPF-SE.jpg\"><img loading=\"lazy\" decoding=\"async\" class=\"alignleft size-full wp-image-27181\" title=\"MPF-SE\" src=\"http:\/\/senoticias.com.br\/se\/wp-content\/uploads\/2012\/03\/MPF-SE.jpg\" alt=\"\" width=\"215\" height=\"234\" \/><\/a>Atendendo a pedido do Minist\u00e9rio P\u00fablico Federal em Sergipe (MPF), a Justi\u00e7a Federal determinou que a Uni\u00e3o, o Munic\u00edpio de Aracaju e a Empresa Municipal de Obras e Urbaniza\u00e7\u00e3o (Emurb) reparem uma \u00e1rea de preserva\u00e7\u00e3o permanente localizada na margem do rio Poxim.<\/p>\n<p style=\"text-align: justify;\">De acordo com a decis\u00e3o, os r\u00e9us devem apresentar \u00e0 Administra\u00e7\u00e3o Estadual do Meio Ambiente (Adema), no prazo de 30 dias, um projeto de recupera\u00e7\u00e3o de \u00e1rea degradada (PRAD). Caso seja necess\u00e1rio, os \u00f3rg\u00e3os ter\u00e3o 10 dias para realizar as modifica\u00e7\u00f5es sugeridas pela Adema para, em seguida, executar o PRAD.<\/p>\n<p style=\"text-align: justify;\"><strong>O caso &#8211;<\/strong> Uma casa de alvenaria foi erguida na rua Alu Campos, na margem do rio Poxim, no bairro Farol\u00e2ndia, em Aracaju, sem autoriza\u00e7\u00e3o dos \u00f3rg\u00e3os competentes. A casa era usada para guarda de equipamentos de pesca e depois foi abandonada. A casa j\u00e1 foi demolida pelo respons\u00e1vel pelo im\u00f3vel.<\/p>\n<p style=\"text-align: justify;\">Segundo o procurador da Rep\u00fablica que assina a a\u00e7\u00e3o, R\u00f4mulo Almeida, os r\u00e9us permitiram a ocupa\u00e7\u00e3o da \u00e1rea de preserva\u00e7\u00e3o e, mesmo constatando a situa\u00e7\u00e3o irregular (como foi informado em of\u00edcios ao MPF), n\u00e3o adotaram as provid\u00eancias exigidas para a recupera\u00e7\u00e3o do meio ambiente, que dever\u00e3o ser tomadas agora, ap\u00f3s a condena\u00e7\u00e3o judicial.<\/p>\n<p style=\"text-align: justify;\">Os r\u00e9us ainda podem recorrer da decis\u00e3o. O processo tramita na justi\u00e7a com o n\u00famero 0000072-02.2012.4.05.8500<\/p>\n<p style=\"text-align: justify;\"><em><strong>Assessoria de Comunica\u00e7\u00e3o<\/strong><\/em><br \/>\n<em><strong>Minist\u00e9rio P\u00fablico Federal em Sergipe<\/strong><\/em><\/p>\n","protected":false},"excerpt":{"rendered":"<p>&nbsp; Uni\u00e3o, munic\u00edpio de Aracaju e Emurb devem reparar dano causado por ocupa\u00e7\u00e3o irregular na margem do rio Poxim Atendendo a pedido do Minist\u00e9rio P\u00fablico Federal em Sergipe (MPF), a Justi\u00e7a Federal determinou que a Uni\u00e3o, o Munic\u00edpio de Aracaju e a Empresa Municipal de Obras e Urbaniza\u00e7\u00e3o (Emurb) reparem uma \u00e1rea de preserva\u00e7\u00e3o permanente [&hellip;]<\/p>\n","protected":false},"author":1,"featured_media":27181,"comment_status":"closed","ping_status":"closed","sticky":false,"template":"","format":"standard","meta":{"footnotes":""},"categories":[310],"tags":[],"class_list":{"0":"post-43777","1":"post","2":"type-post","3":"status-publish","4":"format-standard","5":"has-post-thumbnail","7":"category-destaques-da-semana"},"_links":{"self":[{"href":"https:\/\/senoticias.com.br\/se\/wp-json\/wp\/v2\/posts\/43777"}],"collection":[{"href":"https:\/\/senoticias.com.br\/se\/wp-json\/wp\/v2\/posts"}],"about":[{"href":"https:\/\/senoticias.com.br\/se\/wp-json\/wp\/v2\/types\/post"}],"author":[{"embeddable":true,"href":"https:\/\/senoticias.com.br\/se\/wp-json\/wp\/v2\/users\/1"}],"replies":[{"embeddable":true,"href":"https:\/\/senoticias.com.br\/se\/wp-json\/wp\/v2\/comments?post=43777"}],"version-history":[{"count":0,"href":"https:\/\/senoticias.com.br\/se\/wp-json\/wp\/v2\/posts\/43777\/revisions"}],"wp:featuredmedia":[{"embeddable":true,"href":"https:\/\/senoticias.com.br\/se\/wp-json\/wp\/v2\/media\/27181"}],"wp:attachment":[{"href":"https:\/\/senoticias.com.br\/se\/wp-json\/wp\/v2\/media?parent=43777"}],"wp:term":[{"taxonomy":"category","embeddable":true,"href":"https:\/\/senoticias.com.br\/se\/wp-json\/wp\/v2\/categories?post=43777"},{"taxonomy":"post_tag","embeddable":true,"href":"https:\/\/senoticias.com.br\/se\/wp-json\/wp\/v2\/tags?post=43777"}],"curies":[{"name":"wp","href":"https:\/\/api.w.org\/{rel}","templated":true}]}}