{"id":43773,"date":"2013-01-31T13:54:35","date_gmt":"2013-01-31T16:54:35","guid":{"rendered":"http:\/\/senoticias.com.br\/se\/?p=43773"},"modified":"2013-02-01T12:30:13","modified_gmt":"2013-02-01T15:30:13","slug":"tac-garantira-pagamento-de-salarios-atrasados-dos-servidores-de-ribeiropolis","status":"publish","type":"post","link":"https:\/\/senoticias.com.br\/se\/tac-garantira-pagamento-de-salarios-atrasados-dos-servidores-de-ribeiropolis\/","title":{"rendered":"TAC garantir\u00e1 pagamento de sal\u00e1rios atrasados dos servidores de Ribeir\u00f3polis"},"content":{"rendered":"<p>&nbsp;<\/p>\n<p style=\"text-align: justify;\"><a href=\"http:\/\/senoticias.com.br\/se\/wp-content\/uploads\/2012\/10\/MPE.jpg\"><img loading=\"lazy\" decoding=\"async\" class=\"alignleft size-full wp-image-40292\" title=\"MPE\" src=\"http:\/\/senoticias.com.br\/se\/wp-content\/uploads\/2012\/10\/MPE.jpg\" alt=\"\" width=\"279\" height=\"181\" \/><\/a>O Minist\u00e9rio P\u00fablico de Sergipe, por interm\u00e9dio do Promotor de Justi\u00e7a Dr. R\u00f4mulo Lins Alves, celebrou Termo de Ajustamento de Conduta \u2013 TAC com o Prefeito do Munic\u00edpio de Ribeir\u00f3polis e Secret\u00e1rios Municipais, com o intuito de regularizar o pagamento dos sal\u00e1rio dos professores daquele Munic\u00edpio.<\/p>\n<p style=\"text-align: justify;\">Atrav\u00e9s de Procedimento Preparat\u00f3rio de Inqu\u00e9rito Civil, o MP constatou que a folha de pagamento dos funcion\u00e1rios p\u00fablicos ribeiropolitanos, bem como o 13\u00ba sal\u00e1rio de metade das secretarias municipais estavam atrasados.<\/p>\n<p style=\"text-align: justify;\">No decorrer da instru\u00e7\u00e3o, com a atua\u00e7\u00e3o rigorosa do Minist\u00e9rio P\u00fablico de Sergipe, foram pagos os sal\u00e1rios de quase todas as secretarias, restando apenas o sal\u00e1rio dos professores referente ao m\u00eas de dezembro de 2012 e metade do 13\u00ba do mesmo exerc\u00edcio.<\/p>\n<p style=\"text-align: justify;\">No \u00faltimo dia 30 de janeiro, o Promotor de Justi\u00e7a realizou audi\u00eancia p\u00fablica durante a qual os gestores comprovaram o pagamento do restante do 13\u00ba sal\u00e1rio e de 1\/3 do sal\u00e1rio do m\u00eas de dezembro de 2012. A fim de regulamentar o pagamento da parcela remanescente, ou seja, de 2\/3 do sal\u00e1rio de 2012, foi firmado um TAC entre os presentes.<\/p>\n<p style=\"text-align: justify;\">No TAC o Munic\u00edpio de Ribeir\u00f3polis reconheceu que, por omiss\u00e3o imput\u00e1vel \u00e0 gest\u00e3o passada, ainda n\u00e3o quitou o sal\u00e1rio total de 2012 dos professores e comprometeu-se a regularizar a situa\u00e7\u00e3o.<\/p>\n<p style=\"text-align: justify;\"><em><strong>M\u00f4nica Ribeiro<\/strong><\/em><br \/>\n<em><strong> Assessora de Imprensa MP\/SE<\/strong><\/em><\/p>\n","protected":false},"excerpt":{"rendered":"<p>&nbsp; O Minist\u00e9rio P\u00fablico de Sergipe, por interm\u00e9dio do Promotor de Justi\u00e7a Dr. R\u00f4mulo Lins Alves, celebrou Termo de Ajustamento de Conduta \u2013 TAC com o Prefeito do Munic\u00edpio de Ribeir\u00f3polis e Secret\u00e1rios Municipais, com o intuito de regularizar o pagamento dos sal\u00e1rio dos professores daquele Munic\u00edpio. Atrav\u00e9s de Procedimento Preparat\u00f3rio de Inqu\u00e9rito Civil, o [&hellip;]<\/p>\n","protected":false},"author":1,"featured_media":40292,"comment_status":"closed","ping_status":"closed","sticky":false,"template":"","format":"standard","meta":{"footnotes":""},"categories":[310],"tags":[],"class_list":{"0":"post-43773","1":"post","2":"type-post","3":"status-publish","4":"format-standard","5":"has-post-thumbnail","7":"category-destaques-da-semana"},"_links":{"self":[{"href":"https:\/\/senoticias.com.br\/se\/wp-json\/wp\/v2\/posts\/43773"}],"collection":[{"href":"https:\/\/senoticias.com.br\/se\/wp-json\/wp\/v2\/posts"}],"about":[{"href":"https:\/\/senoticias.com.br\/se\/wp-json\/wp\/v2\/types\/post"}],"author":[{"embeddable":true,"href":"https:\/\/senoticias.com.br\/se\/wp-json\/wp\/v2\/users\/1"}],"replies":[{"embeddable":true,"href":"https:\/\/senoticias.com.br\/se\/wp-json\/wp\/v2\/comments?post=43773"}],"version-history":[{"count":0,"href":"https:\/\/senoticias.com.br\/se\/wp-json\/wp\/v2\/posts\/43773\/revisions"}],"wp:featuredmedia":[{"embeddable":true,"href":"https:\/\/senoticias.com.br\/se\/wp-json\/wp\/v2\/media\/40292"}],"wp:attachment":[{"href":"https:\/\/senoticias.com.br\/se\/wp-json\/wp\/v2\/media?parent=43773"}],"wp:term":[{"taxonomy":"category","embeddable":true,"href":"https:\/\/senoticias.com.br\/se\/wp-json\/wp\/v2\/categories?post=43773"},{"taxonomy":"post_tag","embeddable":true,"href":"https:\/\/senoticias.com.br\/se\/wp-json\/wp\/v2\/tags?post=43773"}],"curies":[{"name":"wp","href":"https:\/\/api.w.org\/{rel}","templated":true}]}}