{"id":43770,"date":"2013-01-31T13:46:17","date_gmt":"2013-01-31T16:46:17","guid":{"rendered":"http:\/\/senoticias.com.br\/se\/?p=43770"},"modified":"2013-05-18T12:54:47","modified_gmt":"2013-05-18T15:54:47","slug":"recadastramento-de-servidores-em-sao-cristovao-se-encerra-com-resultado-satisfatorio","status":"publish","type":"post","link":"https:\/\/senoticias.com.br\/se\/recadastramento-de-servidores-em-sao-cristovao-se-encerra-com-resultado-satisfatorio\/","title":{"rendered":"Recadastramento de servidores em S\u00e3o Crist\u00f3v\u00e3o se encerra com resultado satisfat\u00f3rio"},"content":{"rendered":"<p>&nbsp;<\/p>\n<div id=\"attachment_43771\" style=\"width: 236px\" class=\"wp-caption alignleft\"><a href=\"http:\/\/senoticias.com.br\/se\/wp-content\/uploads\/2013\/01\/download-2.jpg\"><img loading=\"lazy\" decoding=\"async\" aria-describedby=\"caption-attachment-43771\" class=\"size-full wp-image-43771\" title=\"download (2)\" src=\"http:\/\/senoticias.com.br\/se\/wp-content\/uploads\/2013\/01\/download-2.jpg\" alt=\"\" width=\"226\" height=\"150\" \/><\/a><p id=\"caption-attachment-43771\" class=\"wp-caption-text\">Recadastramento dos servidores municipais na tarde de ontem, 30.(Foto: J\u00fanior Ramalho\/Ascom)<\/p><\/div>\n<p style=\"text-align: justify;\">Um saldo bastante positivo. Esse foi o resultado obtido pela prefeitura de S\u00e3o Crist\u00f3v\u00e3o, 4\u00aa cidade mais antiga do pa\u00eds, ao concluir o recadastramento dos servidores municipais na tarde de ontem, 30.<\/p>\n<p style=\"text-align: justify;\">Em m\u00e9dia, 85% dos funcion\u00e1rios efetivos da administra\u00e7\u00e3o compareceram aos postos destinados ao recadastramento, localizados na sede da cidade e no Conjunto Eduardo Gomes, confirmando v\u00ednculo empregat\u00edcio com o munic\u00edpio, segundo a secret\u00e1ria Municipal de Administra\u00e7\u00e3o, Maria Jos\u00e9 Souza e Sousa.<br \/>\n\u201cGra\u00e7as a Deus os trabalhos ocorreram de forma normal, sem atropelos e dentro do prazo estipulado. Hav\u00edamos determinado que seria encerrado no dia 24 de janeiro, mas at\u00e9 quarta-feira os servidores que nos procuraram na Secretaria puderam ser recadastrados\u201d, explica a secret\u00e1ria de Administra\u00e7\u00e3o.<br \/>\nSegundo Maria Jos\u00e9, os servidores que n\u00e3o compareceram aos postos ter\u00e3o seus vencimentos suspensos at\u00e9 que a situa\u00e7\u00e3o cadastral seja normalizada. \u201cDeixo claro que nossa inten\u00e7\u00e3o n\u00e3o \u00e9 prejudicar ningu\u00e9m, mas precisamos organizar a Casa e valorizar aqueles que realmente cumprem com seus deveres junto ao munic\u00edpio\u201d, esclarece.<\/p>\n<p style=\"text-align: justify;\">Dessa forma, a respons\u00e1vel pela pasta administrativa informa que os servidores que n\u00e3o se recadastraram por motivo de f\u00e9rias ou licen\u00e7as, poder\u00e3o regularizar suas situa\u00e7\u00f5es junto \u00e0 secretaria, assim que retornarem aos trabalhos.<\/p>\n<p style=\"text-align: justify;\">\u201cN\u00e3o h\u00e1 necessidade de enviar outra pessoa com uma procura\u00e7\u00e3o. Basta que os funcion\u00e1rios que se encontram nessas circunst\u00e2ncias nos procurem e se recadastrem. Nossa maior inten\u00e7\u00e3o \u00e9 ajudar\u201d, enfatiza Maria Jos\u00e9.<\/p>\n<p style=\"text-align: justify;\">Segunda Etapa \u2013 Dando continuidade ao trabalho de reconhecimento dos funcion\u00e1rios efetivos, ser\u00e1 dado in\u00edcio a segunda fase da medida. Nos pr\u00f3ximos dias, c\u00f3pias de todas as fichas cadastrais ser\u00e3o enviadas \u00e0s Secretarias do munic\u00edpio para que os secret\u00e1rios identifiquem os servidores que prestam servi\u00e7o em cada localidade.<\/p>\n<p style=\"text-align: justify;\">\u201cJ\u00e1 conversamos com todos os secret\u00e1rios. Eles dever\u00e3o avaliar ficha por ficha e certificar que aquele funcion\u00e1rio exerce suas atividades naquela Secretaria. Aqueles que se recadastraram, mas n\u00e3o forem reconhecidos pelo pr\u00f3prio secret\u00e1rio, convocaremos para uma conversa na Administra\u00e7\u00e3o e tomaremos as devidas provid\u00eancias. Tudo o que queremos e saber quem \u00e9 quem para prestar servi\u00e7os de qualidade a popula\u00e7\u00e3o\u201d, justifica Maria Jos\u00e9.<\/p>\n<p style=\"text-align: justify;\"><em><strong>Assessoria de Comunica\u00e7\u00e3o<\/strong><\/em><\/p>\n","protected":false},"excerpt":{"rendered":"<p>&nbsp; Um saldo bastante positivo. Esse foi o resultado obtido pela prefeitura de S\u00e3o Crist\u00f3v\u00e3o, 4\u00aa cidade mais antiga do pa\u00eds, ao concluir o recadastramento dos servidores municipais na tarde de ontem, 30. Em m\u00e9dia, 85% dos funcion\u00e1rios efetivos da administra\u00e7\u00e3o compareceram aos postos destinados ao recadastramento, localizados na sede da cidade e no Conjunto [&hellip;]<\/p>\n","protected":false},"author":1,"featured_media":43771,"comment_status":"closed","ping_status":"closed","sticky":false,"template":"","format":"standard","meta":{"footnotes":""},"categories":[38,3],"tags":[],"class_list":{"0":"post-43770","1":"post","2":"type-post","3":"status-publish","4":"format-standard","5":"has-post-thumbnail","7":"category-municipios","8":"category-saocristovao"},"_links":{"self":[{"href":"https:\/\/senoticias.com.br\/se\/wp-json\/wp\/v2\/posts\/43770"}],"collection":[{"href":"https:\/\/senoticias.com.br\/se\/wp-json\/wp\/v2\/posts"}],"about":[{"href":"https:\/\/senoticias.com.br\/se\/wp-json\/wp\/v2\/types\/post"}],"author":[{"embeddable":true,"href":"https:\/\/senoticias.com.br\/se\/wp-json\/wp\/v2\/users\/1"}],"replies":[{"embeddable":true,"href":"https:\/\/senoticias.com.br\/se\/wp-json\/wp\/v2\/comments?post=43770"}],"version-history":[{"count":0,"href":"https:\/\/senoticias.com.br\/se\/wp-json\/wp\/v2\/posts\/43770\/revisions"}],"wp:featuredmedia":[{"embeddable":true,"href":"https:\/\/senoticias.com.br\/se\/wp-json\/wp\/v2\/media\/43771"}],"wp:attachment":[{"href":"https:\/\/senoticias.com.br\/se\/wp-json\/wp\/v2\/media?parent=43770"}],"wp:term":[{"taxonomy":"category","embeddable":true,"href":"https:\/\/senoticias.com.br\/se\/wp-json\/wp\/v2\/categories?post=43770"},{"taxonomy":"post_tag","embeddable":true,"href":"https:\/\/senoticias.com.br\/se\/wp-json\/wp\/v2\/tags?post=43770"}],"curies":[{"name":"wp","href":"https:\/\/api.w.org\/{rel}","templated":true}]}}