{"id":43767,"date":"2013-01-31T13:38:26","date_gmt":"2013-01-31T16:38:26","guid":{"rendered":"http:\/\/senoticias.com.br\/se\/?p=43767"},"modified":"2013-01-31T13:38:26","modified_gmt":"2013-01-31T16:38:26","slug":"laercio-oliveira-participa-de-convencao-batista","status":"publish","type":"post","link":"https:\/\/senoticias.com.br\/se\/laercio-oliveira-participa-de-convencao-batista\/","title":{"rendered":"La\u00e9rcio Oliveira participa de Conven\u00e7\u00e3o Batista"},"content":{"rendered":"<p>&nbsp;<\/p>\n<p style=\"text-align: justify;\"><a href=\"http:\/\/senoticias.com.br\/se\/wp-content\/uploads\/2013\/01\/download-12.jpg\"><img loading=\"lazy\" decoding=\"async\" class=\"alignleft size-full wp-image-43768\" title=\"download (1)\" src=\"http:\/\/senoticias.com.br\/se\/wp-content\/uploads\/2013\/01\/download-12.jpg\" alt=\"\" width=\"226\" height=\"151\" \/><\/a>O deputado federal La\u00e9rcio Oliveira participou na noite do \u00faltimo domingo, no est\u00e1dio Lourival Baptista em Aracaju, da 93* Assembleia Anual da Conven\u00e7\u00e3o Batista Brasileira. O evento reuniu milhares de pessoas de v\u00e1rias regi\u00f5es do estado e do pa\u00eds e faz parte das comemora\u00e7\u00f5es do centen\u00e1rio Batista em Sergipe.<\/p>\n<p style=\"text-align: justify;\">Durante o evento, foram realizados 100 batismos de integrantes do projeto &#8220;Cristol\u00e2ndia&#8221;, vindos dos estados de S\u00e3o Paulo, Rio de Janeiro e Pernambuco. O projeto atende ex-viciados e ex-detentos do sistema prisional, homens e mulheres que foram recuperados atrav\u00e9s da f\u00e9 e do apoio encontrado na igreja.<\/p>\n<p style=\"text-align: justify;\">Para La\u00e9rcio Oliveira, esse \u00e9 um momento hist\u00f3rico em sua vida porque o fez lembrar a primeira grande conven\u00e7\u00e3o batista realizada em Sergipe em 1964. O parlamentar conta que na \u00e9poca, com apenas cinco anos de idade, acompanhou seu pai, que era motorista do evento.<\/p>\n<p style=\"text-align: justify;\">&#8220;Quando entrei no Batist\u00e3o, lembrei desse momento t\u00e3o marcante da minha inf\u00e2ncia, que me deixou muito feliz. E ver o Batist\u00e3o lotado como est\u00e1, com o povo de Deus unido para agradecer e louvar ao Senhor, \u00e9 algo que me emociona muito e me deixa muito feliz. Para mim \u00e9 um privilegio estar aqui hoje, o que estou sentindo n\u00e3o da para traduzir, eu s\u00f3 tenho a agradecer o convite&#8221;.<\/p>\n<p style=\"text-align: justify;\">O parlamentar enalteceu a for\u00e7a dos batistas sergipanos e disse que como presbiteriano, reconhece o trabalho e a dedica\u00e7\u00e3o de todos que se emprenharam para trazer esse grande evento para o estado de Sergipe. &#8220;Essa \u00e9 uma demonstra\u00e7\u00e3o da grandeza e da forca que tem o povo sergipano, quando se une em torno de um prop\u00f3sito t\u00e3o bom&#8221;.<\/p>\n<p style=\"text-align: justify;\"><em><strong>Assessoria de Comunica\u00e7\u00e3o<\/strong><\/em><\/p>\n","protected":false},"excerpt":{"rendered":"<p>&nbsp; O deputado federal La\u00e9rcio Oliveira participou na noite do \u00faltimo domingo, no est\u00e1dio Lourival Baptista em Aracaju, da 93* Assembleia Anual da Conven\u00e7\u00e3o Batista Brasileira. O evento reuniu milhares de pessoas de v\u00e1rias regi\u00f5es do estado e do pa\u00eds e faz parte das comemora\u00e7\u00f5es do centen\u00e1rio Batista em Sergipe. Durante o evento, foram realizados [&hellip;]<\/p>\n","protected":false},"author":1,"featured_media":43768,"comment_status":"closed","ping_status":"closed","sticky":false,"template":"","format":"standard","meta":{"footnotes":""},"categories":[6],"tags":[],"class_list":{"0":"post-43767","1":"post","2":"type-post","3":"status-publish","4":"format-standard","5":"has-post-thumbnail","7":"category-politica"},"_links":{"self":[{"href":"https:\/\/senoticias.com.br\/se\/wp-json\/wp\/v2\/posts\/43767"}],"collection":[{"href":"https:\/\/senoticias.com.br\/se\/wp-json\/wp\/v2\/posts"}],"about":[{"href":"https:\/\/senoticias.com.br\/se\/wp-json\/wp\/v2\/types\/post"}],"author":[{"embeddable":true,"href":"https:\/\/senoticias.com.br\/se\/wp-json\/wp\/v2\/users\/1"}],"replies":[{"embeddable":true,"href":"https:\/\/senoticias.com.br\/se\/wp-json\/wp\/v2\/comments?post=43767"}],"version-history":[{"count":0,"href":"https:\/\/senoticias.com.br\/se\/wp-json\/wp\/v2\/posts\/43767\/revisions"}],"wp:featuredmedia":[{"embeddable":true,"href":"https:\/\/senoticias.com.br\/se\/wp-json\/wp\/v2\/media\/43768"}],"wp:attachment":[{"href":"https:\/\/senoticias.com.br\/se\/wp-json\/wp\/v2\/media?parent=43767"}],"wp:term":[{"taxonomy":"category","embeddable":true,"href":"https:\/\/senoticias.com.br\/se\/wp-json\/wp\/v2\/categories?post=43767"},{"taxonomy":"post_tag","embeddable":true,"href":"https:\/\/senoticias.com.br\/se\/wp-json\/wp\/v2\/tags?post=43767"}],"curies":[{"name":"wp","href":"https:\/\/api.w.org\/{rel}","templated":true}]}}