{"id":43765,"date":"2013-01-31T13:35:38","date_gmt":"2013-01-31T16:35:38","guid":{"rendered":"http:\/\/senoticias.com.br\/se\/?p=43765"},"modified":"2013-02-01T12:03:19","modified_gmt":"2013-02-01T15:03:19","slug":"encontro-incentiva-a-agricultura-de-baixo-carbono-entre-os-agricultores-sergipanos","status":"publish","type":"post","link":"https:\/\/senoticias.com.br\/se\/encontro-incentiva-a-agricultura-de-baixo-carbono-entre-os-agricultores-sergipanos\/","title":{"rendered":"Encontro incentiva a Agricultura de Baixo Carbono entre os agricultores sergipanos"},"content":{"rendered":"<p>&nbsp;<\/p>\n<div id=\"attachment_43766\" style=\"width: 236px\" class=\"wp-caption alignleft\"><a href=\"http:\/\/senoticias.com.br\/se\/wp-content\/uploads\/2013\/01\/download3.jpg\"><img loading=\"lazy\" decoding=\"async\" aria-describedby=\"caption-attachment-43766\" class=\"size-full wp-image-43766\" title=\"download\" src=\"http:\/\/senoticias.com.br\/se\/wp-content\/uploads\/2013\/01\/download3.jpg\" alt=\"\" width=\"226\" height=\"150\" \/><\/a><p id=\"caption-attachment-43766\" class=\"wp-caption-text\">Deodato Lima, da Emdagro.(Foto: Alejandro Zambrana)<\/p><\/div>\n<p style=\"text-align: justify;\">T\u00e9cnicos agropecu\u00e1rios sergipanos tiveram a oportunidade de conhecer o Programa ABC &#8211; Agricultura de Baixo Carbono, do Governo Federal. O encontro aconteceu no audit\u00f3rio do Parque de Exposi\u00e7\u00f5es Jo\u00e3o Cleophas, em Aracaju, na \u00faltima quarta-feira, dia 30 e tamb\u00e9m reuniu estudantes e representantes do setor agropecu\u00e1rio.<\/p>\n<p style=\"text-align: justify;\">A Confer\u00eancia do Clima, em Copenhague, no ano de 2009 destacou o contexto de mudan\u00e7as no clima global. L\u00e1, os cientistas indicaram que a emiss\u00e3o de gases de efeito estufa est\u00e1 provocando um maior aquecimento do planeta e com isso podemos ter resultados clim\u00e1ticos adversos, muitas secas ou chuvas, alagamentos, fatores que afetam a agricultura. Com as metas assumidas por v\u00e1rios pa\u00edses, inclusive o Brasil, o objetivo \u00e9 baixar a emiss\u00e3o de carbono.<\/p>\n<p style=\"text-align: justify;\">Com essa finalidade, o Governo Federal lan\u00e7ou o Programa ABC, que prev\u00ea o desenvolvimento de uma economia baseada na baixa emiss\u00e3o de gases de efeito estufa no setor agropecu\u00e1rio e destina o total de R$ 3,4 bilh\u00f5es por meio de linhas de cr\u00e9dito especiais para a safra 2012\/2013. Em Sergipe, j\u00e1 foi criado no final de 2012 o grupo gestor do programa. A partir de agora, come\u00e7a todo o trabalho de capacita\u00e7\u00e3o de t\u00e9cnicos, nas tecnologias do Programa ABC.<\/p>\n<p style=\"text-align: justify;\">A assessora t\u00e9cnica da Confedera\u00e7\u00e3o Nacional de Agricultura (CNA), Camila Sande, diz que o Plano ABC, do Governo Federal foi criado para cumprir os compromissos de redu\u00e7\u00e3o emiss\u00f5es de CO2. \u201cO programa \u00e9 uma linha de cr\u00e9dito que ajuda os produtores rurais brasileiros a se adaptarem a essas novas tecnologias, com baixa emiss\u00e3o de carbono e d\u00e1 mais sustentabilidade na propriedade com viabilidade econ\u00f4mica. A taxa de juros para quem adota as novas pr\u00e1ticas \u00e9 de 5%, enquanto o mercado opera com 7%. O agricultor ainda tem mais tempo para pagar\u201d. O canal de informa\u00e7\u00f5es \u00e9 a Federa\u00e7\u00e3o Agropecu\u00e1ria de Sergipe (Faese), a CNA ou o Minist\u00e9rio da Agricultura.<\/p>\n<p style=\"text-align: justify;\">O p\u00fablico alvo s\u00e3o os produtores rurais brasileiros, aqueles que produzem, por\u00e9m, n\u00e3o conhecem as tecnologias desenvolvidas pela Embrapa e Minist\u00e9rio da Agricultura, para que a propriedade se torne mais sustent\u00e1vel, emita menos CO2. Dessa forma, o Brasil preservar melhor o meio ambiente e atinge a meta assumida. O setor agropecu\u00e1rio \u00e9 respons\u00e1vel por um percentual consider\u00e1vel de emiss\u00e3o de CO2, chega a 17%.<\/p>\n<p style=\"text-align: justify;\">Com a habilita\u00e7\u00e3o realizada em Sergipe, os t\u00e9cnicos poder\u00e3o incentivar a ado\u00e7\u00e3o de tecnologias voltadas \u00e0 obten\u00e7\u00e3o de uma agricultura sustent\u00e1vel no pa\u00eds. De acordo o presidente da Faese, a capacita\u00e7\u00e3o ajuda a difundir o Plano ABC. Ele explica ainda que a capacita\u00e7\u00e3o que o Minist\u00e9rio est\u00e1 promovendo \u00e9 bem espec\u00edfica e aborda as tecnologias de mitiga\u00e7\u00e3o da emiss\u00e3o de gases causadores de efeito estufa. \u201cDessa forma o agricultor tem mais conhecimento, pode aderir \u00e0s tecnologias do Plano, obter equipamentos com juros menores e com isso, o Governo Federal consegue cumprir as metas assumidas na Confer\u00eancia do Clima, em Copenhague, em 2009\u201d, destacou. Em Sergipe, a capacita\u00e7\u00e3o aconteceu gra\u00e7as a parceria do Governo Federal, Faese e CNA.<\/p>\n<p style=\"text-align: justify;\">Representante do Minist\u00e9rio da Agricultura, a fiscal federal agropecu\u00e1rio, Jaqueline Marques informou que o Plano ABC tem a coordena\u00e7\u00e3o do Minist\u00e9rio da Agricultura e do Desenvolvimento Agr\u00e1rio e da Casa Civil da Presid\u00eancia. \u201cTemos trabalhado com a dissemina\u00e7\u00e3o do Plano em todo territ\u00f3rio nacional e com a forma\u00e7\u00e3o dos grupos gestores de cada estado. Sergipe j\u00e1 tem seu grupo gestor formado e agora est\u00e1 em trabalho de articula\u00e7\u00e3o\u201d.<br \/>\nO pr\u00f3ximo passo por parte do Minist\u00e9rio da Agricultura \u00e9 fazer uma oficina de trabalho, onde ser\u00e1 estabelecido o Plano Gestor para o grupo de Sergipe. \u201c\u00c9 o Plano Estadual do ABC, onde ser\u00e3o estabelecidas as metas para o estado, dessa forma, ser\u00e1 desenvolvida melhor a estrutura de implanta\u00e7\u00e3o do Plano ABC\u201d, pontuou Jaqueline.<\/p>\n<p style=\"text-align: justify;\">A assessora t\u00e9cnica da Confedera\u00e7\u00e3o Nacional de Agricultura (CNA), Camila Sande, informou que o programa ABC \u00e9 uma linha de cr\u00e9dito para ajudar os produtores rurais brasileiros a se adaptarem a essas novas tecnologias. \u201cCom baixa emiss\u00e3o de carbono teremos mais sustentabilidade na propriedade e o melhor, com viabilidade econ\u00f4mica\u201d, enalteceu.<\/p>\n<p style=\"text-align: justify;\">O representante da Empresa de Desenvolvimento Agropecu\u00e1rio de Sergipe (Emdagro), Deodato Lima Filho comentou que a iniciativa foi bastante oportuna, pois o evento atendeu uma necessidade dos t\u00e9cnicos projetistas e agricultores de conhecer melhor a Agricultura de Baixo Carbono. \u201cCom o advento da capacita\u00e7\u00e3o ser\u00e1 possibilitado aos projetistas maior conhecimento e com isso, um fluxo maior das propostas devem chegar aos agentes financeiros\u201d.<\/p>\n<p style=\"text-align: justify;\"><span style=\"color: #333333;\"><em><strong>C\u00e2ndida Oliveira &#8211; Assessoria de Comunica\u00e7\u00e3o<\/strong><\/em><\/span><\/p>\n","protected":false},"excerpt":{"rendered":"<p>&nbsp; T\u00e9cnicos agropecu\u00e1rios sergipanos tiveram a oportunidade de conhecer o Programa ABC &#8211; Agricultura de Baixo Carbono, do Governo Federal. O encontro aconteceu no audit\u00f3rio do Parque de Exposi\u00e7\u00f5es Jo\u00e3o Cleophas, em Aracaju, na \u00faltima quarta-feira, dia 30 e tamb\u00e9m reuniu estudantes e representantes do setor agropecu\u00e1rio. A Confer\u00eancia do Clima, em Copenhague, no ano [&hellip;]<\/p>\n","protected":false},"author":1,"featured_media":43766,"comment_status":"closed","ping_status":"closed","sticky":false,"template":"","format":"standard","meta":{"footnotes":""},"categories":[6],"tags":[],"class_list":{"0":"post-43765","1":"post","2":"type-post","3":"status-publish","4":"format-standard","5":"has-post-thumbnail","7":"category-politica"},"_links":{"self":[{"href":"https:\/\/senoticias.com.br\/se\/wp-json\/wp\/v2\/posts\/43765"}],"collection":[{"href":"https:\/\/senoticias.com.br\/se\/wp-json\/wp\/v2\/posts"}],"about":[{"href":"https:\/\/senoticias.com.br\/se\/wp-json\/wp\/v2\/types\/post"}],"author":[{"embeddable":true,"href":"https:\/\/senoticias.com.br\/se\/wp-json\/wp\/v2\/users\/1"}],"replies":[{"embeddable":true,"href":"https:\/\/senoticias.com.br\/se\/wp-json\/wp\/v2\/comments?post=43765"}],"version-history":[{"count":0,"href":"https:\/\/senoticias.com.br\/se\/wp-json\/wp\/v2\/posts\/43765\/revisions"}],"wp:featuredmedia":[{"embeddable":true,"href":"https:\/\/senoticias.com.br\/se\/wp-json\/wp\/v2\/media\/43766"}],"wp:attachment":[{"href":"https:\/\/senoticias.com.br\/se\/wp-json\/wp\/v2\/media?parent=43765"}],"wp:term":[{"taxonomy":"category","embeddable":true,"href":"https:\/\/senoticias.com.br\/se\/wp-json\/wp\/v2\/categories?post=43765"},{"taxonomy":"post_tag","embeddable":true,"href":"https:\/\/senoticias.com.br\/se\/wp-json\/wp\/v2\/tags?post=43765"}],"curies":[{"name":"wp","href":"https:\/\/api.w.org\/{rel}","templated":true}]}}