{"id":43744,"date":"2013-01-30T17:53:31","date_gmt":"2013-01-30T20:53:31","guid":{"rendered":"http:\/\/senoticias.com.br\/se\/?p=43744"},"modified":"2013-01-30T17:53:31","modified_gmt":"2013-01-30T20:53:31","slug":"cge-inicia-treinamento-de-prestacao-de-contas-anual-2012","status":"publish","type":"post","link":"https:\/\/senoticias.com.br\/se\/cge-inicia-treinamento-de-prestacao-de-contas-anual-2012\/","title":{"rendered":"CGE inicia treinamento de Presta\u00e7\u00e3o de Contas Anual 2012"},"content":{"rendered":"<p>&nbsp;<\/p>\n<div id=\"attachment_43745\" style=\"width: 310px\" class=\"wp-caption alignleft\"><a href=\"http:\/\/senoticias.com.br\/se\/wp-content\/uploads\/2013\/01\/ADINELSON-600.jpg\"><img loading=\"lazy\" decoding=\"async\" aria-describedby=\"caption-attachment-43745\" class=\"size-medium wp-image-43745\" title=\"\" src=\"http:\/\/senoticias.com.br\/se\/wp-content\/uploads\/2013\/01\/ADINELSON-600-300x200.jpg\" alt=\"\" width=\"300\" height=\"200\" srcset=\"https:\/\/senoticias.com.br\/se\/wp-content\/uploads\/2013\/01\/ADINELSON-600-300x200.jpg 300w, https:\/\/senoticias.com.br\/se\/wp-content\/uploads\/2013\/01\/ADINELSON-600-342x227.jpg 342w, https:\/\/senoticias.com.br\/se\/wp-content\/uploads\/2013\/01\/ADINELSON-600.jpg 600w\" sizes=\"(max-width: 300px) 100vw, 300px\" \/><\/a><p id=\"caption-attachment-43745\" class=\"wp-caption-text\">O secret\u00e1rio-chefe da CGE, Adinelson Alves. (Foto: Ascom)<\/p><\/div>\n<p style=\"text-align: justify;\">Nesta quarta-feira, 30, a Controladoria Geral do Estado (CGE\/SE) reuniu gestores e t\u00e9cnicos das Diretorias Administrativas Financeiras (DAF\u2019s) e Assessorias de Planejamento (Asplan\u2019s) da Administra\u00e7\u00e3o Direta do Governo de Sergipe, para iniciar o treinamento sobre a Presta\u00e7\u00e3o de Contas Anual 2012.<\/p>\n<p style=\"text-align: justify;\">A reuni\u00e3o, que segue at\u00e9 a quinta-feira, 31, abordou sobre a nova Instru\u00e7\u00e3o Normativa (IN) N\u00ba 002\/CGE\/2013, que atualiza a legisla\u00e7\u00e3o sobre os processos de presta\u00e7\u00e3o de contas do Governo de Sergipe, em sintonia com as normas do Tribunal de Contas do Estado (TCE).<\/p>\n<p style=\"text-align: justify;\">Em substitui\u00e7\u00e3o \u00e0 Instru\u00e7\u00e3o Normativa N\u00ba 001\/CGE\/2013, a nova IN tem o objetivo de consolidar as altera\u00e7\u00f5es promovidas pelo Sistema Integrado de Gest\u00e3o P\u00fablica (I-Gesp), da Secretaria de Estado da Fazenda (Sefaz), ampliando a qualidade das informa\u00e7\u00f5es que integram os processos de contas anuais que ser\u00e3o remetidos ao Tribunal de Contas do Estado (TCE), ap\u00f3s o exame e pronunciamento da CGE\/SE.<\/p>\n<p style=\"text-align: justify;\">O secret\u00e1rio-chefe da CGE, Adinelson Alves, lembra que, \u201cde acordo com as disposi\u00e7\u00f5es contidas no art. 67 da Constitui\u00e7\u00e3o do Estado de Sergipe, todo aquele que administra recursos p\u00fablicos tem o dever de prestar contas \u00e0 sociedade, atrav\u00e9s da Controladoria Geral do Estado (CGE) e do TCE\u201d.<\/p>\n<p style=\"text-align: justify;\">Segundo Fernanda Lima, diretora da Controladoria da Administra\u00e7\u00e3o Indireta (Conai), da CGE, o treinamento serve para reafirmar conceitos e procedimentos t\u00e9cnicos, como tamb\u00e9m para disseminar as altera\u00e7\u00f5es do I-Gesp que ocorreram ao longo do exerc\u00edcio 2012.<\/p>\n<p style=\"text-align: justify;\">\u201cToda essa troca de informa\u00e7\u00f5es, sem d\u00favidas, construir\u00e1 as condi\u00e7\u00f5es necess\u00e1rias \u00e0 adequada organiza\u00e7\u00e3o dos processos de presta\u00e7\u00e3o de contas do exerc\u00edcio de 2012. A import\u00e2ncia de estar atualizando a IN \u00e9 facilitar a elabora\u00e7\u00e3o e an\u00e1lise do processo de presta\u00e7\u00e3o de contas\/2012, bem como para que possamos interagir com os t\u00e9cnicos dos \u00f3rg\u00e3os e entidades do Governo de Sergipe envolvidos com esse processo\u201d, observa Fernanda.<\/p>\n<p style=\"text-align: justify;\"><em><strong>Administra\u00e7\u00e3o Indireta<\/strong><\/em><\/p>\n<p style=\"text-align: justify;\">Nesta quinta-feira, 31, a Controladoria Geral do Estado (CGE) retomar\u00e1 o treinamento da Presta\u00e7\u00e3o de Contas Anual\/2012, no audit\u00f3rio da Secretaria de Estado da Inclus\u00e3o, Assist\u00eancia e Desenvolvimento Social (Seides), a partir das 8h30, com orienta\u00e7\u00f5es voltadas aos gestores e t\u00e9cnicos da Administra\u00e7\u00e3o Indireta.<\/p>\n<p style=\"text-align: justify;\">Para acessar o inteiro teor da nova Instru\u00e7\u00e3o Normativa 002\/CGE\/2013, consulte <span style=\"color: #0000ff;\"><strong>http:\/\/www.cge.se.gov.br\/modules\/wfdownloads\/visit.php?cid=1&amp;lid=897<\/strong><\/span><\/p>\n<p><em><strong>Assessoria de Comunica\u00e7\u00e3o\/CGE<\/strong><\/em><\/p>\n","protected":false},"excerpt":{"rendered":"<p>&nbsp; Nesta quarta-feira, 30, a Controladoria Geral do Estado (CGE\/SE) reuniu gestores e t\u00e9cnicos das Diretorias Administrativas Financeiras (DAF\u2019s) e Assessorias de Planejamento (Asplan\u2019s) da Administra\u00e7\u00e3o Direta do Governo de Sergipe, para iniciar o treinamento sobre a Presta\u00e7\u00e3o de Contas Anual 2012. A reuni\u00e3o, que segue at\u00e9 a quinta-feira, 31, abordou sobre a nova Instru\u00e7\u00e3o [&hellip;]<\/p>\n","protected":false},"author":1,"featured_media":43745,"comment_status":"closed","ping_status":"closed","sticky":false,"template":"","format":"standard","meta":{"footnotes":""},"categories":[1],"tags":[],"class_list":{"0":"post-43744","1":"post","2":"type-post","3":"status-publish","4":"format-standard","5":"has-post-thumbnail","7":"category-sem-categoria"},"_links":{"self":[{"href":"https:\/\/senoticias.com.br\/se\/wp-json\/wp\/v2\/posts\/43744"}],"collection":[{"href":"https:\/\/senoticias.com.br\/se\/wp-json\/wp\/v2\/posts"}],"about":[{"href":"https:\/\/senoticias.com.br\/se\/wp-json\/wp\/v2\/types\/post"}],"author":[{"embeddable":true,"href":"https:\/\/senoticias.com.br\/se\/wp-json\/wp\/v2\/users\/1"}],"replies":[{"embeddable":true,"href":"https:\/\/senoticias.com.br\/se\/wp-json\/wp\/v2\/comments?post=43744"}],"version-history":[{"count":0,"href":"https:\/\/senoticias.com.br\/se\/wp-json\/wp\/v2\/posts\/43744\/revisions"}],"wp:featuredmedia":[{"embeddable":true,"href":"https:\/\/senoticias.com.br\/se\/wp-json\/wp\/v2\/media\/43745"}],"wp:attachment":[{"href":"https:\/\/senoticias.com.br\/se\/wp-json\/wp\/v2\/media?parent=43744"}],"wp:term":[{"taxonomy":"category","embeddable":true,"href":"https:\/\/senoticias.com.br\/se\/wp-json\/wp\/v2\/categories?post=43744"},{"taxonomy":"post_tag","embeddable":true,"href":"https:\/\/senoticias.com.br\/se\/wp-json\/wp\/v2\/tags?post=43744"}],"curies":[{"name":"wp","href":"https:\/\/api.w.org\/{rel}","templated":true}]}}