{"id":43738,"date":"2013-01-30T17:25:25","date_gmt":"2013-01-30T20:25:25","guid":{"rendered":"http:\/\/senoticias.com.br\/se\/?p=43738"},"modified":"2013-01-31T22:51:56","modified_gmt":"2013-02-01T01:51:56","slug":"43738","status":"publish","type":"post","link":"https:\/\/senoticias.com.br\/se\/43738\/","title":{"rendered":"Prefeitura divulga programa\u00e7\u00e3o do Carna Caju 2013; confira as atra\u00e7\u00f5es"},"content":{"rendered":"<div id=\"attachment_43739\" style=\"width: 310px\" class=\"wp-caption alignleft\"><a href=\"http:\/\/senoticias.com.br\/se\/wp-content\/uploads\/2013\/01\/Carna-Caju.jpeg\"><img loading=\"lazy\" decoding=\"async\" aria-describedby=\"caption-attachment-43739\" class=\"size-medium wp-image-43739\" title=\"Carna Caju\" src=\"http:\/\/senoticias.com.br\/se\/wp-content\/uploads\/2013\/01\/Carna-Caju-300x198.jpg\" alt=\"\" width=\"300\" height=\"198\" srcset=\"https:\/\/senoticias.com.br\/se\/wp-content\/uploads\/2013\/01\/Carna-Caju-300x198.jpg 300w, https:\/\/senoticias.com.br\/se\/wp-content\/uploads\/2013\/01\/Carna-Caju-342x226.jpg 342w, https:\/\/senoticias.com.br\/se\/wp-content\/uploads\/2013\/01\/Carna-Caju.jpeg 750w\" sizes=\"(max-width: 300px) 100vw, 300px\" \/><\/a><p id=\"caption-attachment-43739\" class=\"wp-caption-text\">PMA divulga programa\u00e7\u00e3o do Carna Caju 2013. (Foto: Ascom\/Funcaju)<\/p><\/div>\n<p style=\"text-align: justify;\">A Prefeitura Municipal de Aracaju, atrav\u00e9s da Funda\u00e7\u00e3o Municipal de Cultura e Turismo de Aracaju (Funcaju), reuniu a imprensa sergipana na manh\u00e3 desta quarta-feira, 30, para anunciar a programa\u00e7\u00e3o oficial do Carnaval de Aracaju, o \u2018Carna Caju 2013&#8242;. O evento momesco ser\u00e1 aberto oficialmente nesta quinta-feira, 31, com o tradicional Baile da Cidade, onde ser\u00e3o escolhidos o Rei Momo e Rainha do Carnaval 2013.<\/p>\n<p style=\"text-align: justify;\">Visando resgatar o tradicional Carnaval da cidade, a Prefeitura preparou uma programa\u00e7\u00e3o especial, onde sergipanos e turistas poder\u00e3o curtir o melhor dos artistas locais. &#8220;Esta \u00e9 uma prioridade da nossa gest\u00e3o: valorizar o artista da casa. Assim, o Carnaval de Aracaju resgata n\u00e3o apenas o que ficou esquecido e faz parte da hist\u00f3ria da popula\u00e7\u00e3o, mas incentiva os nossos artistas&#8221;, declarou o presidente interino da Funcaju, Manoel Viana.<\/p>\n<p style=\"text-align: justify;\">De 8 a 12 de fevereiro, a Orla de Atalaia ser\u00e1 palco de um grande resgate cultural, que contar\u00e1 com a participa\u00e7\u00e3o de 25 atra\u00e7\u00f5es, sendo 24 sergipanas. &#8220;Estamos organizando tudo com o maior carinho, pensando exclusivamente no povo, pois o Carnaval n\u00e3o \u00e9 da Prefeitura de Aracaju, nem da Funcaju, \u00e9 uma festa do povo. Nosso compromisso \u00e9 trazer de volta um dos grandes eventos, que durante anos fez a alegria da popula\u00e7\u00e3o aracajuana e turistas. Escolhemos a Orla de Atalaia por ser um grande cart\u00e3o postal de nossa cidade&#8221;, finalizou o futuro secret\u00e1rio de Cultura e Eventos, Josenito Vitale (Nitinho).<\/p>\n<p style=\"text-align: justify;\">A Funcaju, al\u00e9m de realizar o Carnaval da cidade, vai apoiar os tradicionais blocos de bairros, garantindo a todos o suporte necess\u00e1rio para realiza\u00e7\u00e3o da folia.<\/p>\n<p style=\"text-align: justify;\">Estrutura<\/p>\n<p style=\"text-align: justify;\">A Orla de Atalaia est\u00e1 sendo preparada para acomodar e garantir a seguran\u00e7a dos foli\u00f5es nos cinco dias de festa. Dois palcos ser\u00e3o montados na Passarela do Caranguejo para mais comodidade nas apresenta\u00e7\u00f5es. A seguran\u00e7a ser\u00e1 garantida pela Pol\u00edcia Militar e Guarda Municipal, al\u00e9m de equipes do Corpo de Bombeiros e ambul\u00e2ncias do SAMU.<\/p>\n<p><strong>Confira a programa\u00e7\u00e3o completa:<\/strong><\/p>\n<p><strong>8 de fevereiro (sexta-feira)<\/strong><\/p>\n<p>&#8211; Banda Unidos do Arib\u00e9<\/p>\n<p>&#8211; Rog\u00e9rio e banda<\/p>\n<p>&#8211; Banda Nav Axe<\/p>\n<p>&#8211; Cid Natureza<\/p>\n<p>&#8211; Maysa Reis<\/p>\n<p><strong>9 de fevereiro (s\u00e1bado)<\/strong><\/p>\n<p>&#8211; Banda Os 10 Mais do Frevo<\/p>\n<p>&#8211; Os Indom\u00e1veis<\/p>\n<p>&#8211; Banda Esta\u00e7\u00e3o da Luz<\/p>\n<p>&#8211; Banda Jeito de Ser<\/p>\n<p>&#8211; Trinka de Reis<\/p>\n<p><strong>10 de fevereiro (domingo)<\/strong><\/p>\n<p>&#8211; Banda Lateiros Curupiras<\/p>\n<p>&#8211; Patati Patat\u00e1<\/p>\n<p>&#8211; Isaque Borges e Banda L7<\/p>\n<p>&#8211; Banda OS3<\/p>\n<p>&#8211; Cinco Elementos<\/p>\n<p>&#8211; Banda Art Mania<\/p>\n<p><strong>11 de Fevereiro (segunda-feira)<\/strong><\/p>\n<p>&#8211; Banda Gera\u00e7\u00e3o do Frevo<\/p>\n<p>&#8211; Big Banda Show<\/p>\n<p>&#8211; Banda Dhi Sambar<\/p>\n<p>&#8211; Banda Inspira\u00e7\u00e3o do Gheeto<\/p>\n<p><strong>12 de Fevereiro (ter\u00e7a-feira)<\/strong><\/p>\n<p>&#8211; Banda Sassaricando<\/p>\n<p>&#8211; Orquestra brasileira<\/p>\n<p>&#8211; Banda Dekola<\/p>\n<p>&#8211; S\u00f3 Lamento<\/p>\n<p>&#8211; Banda Hollywood<\/p>\n<p><em><strong>Ag\u00eancia Aracaju de Not\u00edcias<\/strong><\/em><\/p>\n","protected":false},"excerpt":{"rendered":"<p>A Prefeitura Municipal de Aracaju, atrav\u00e9s da Funda\u00e7\u00e3o Municipal de Cultura e Turismo de Aracaju (Funcaju), reuniu a imprensa sergipana na manh\u00e3 desta quarta-feira, 30, para anunciar a programa\u00e7\u00e3o oficial do Carnaval de Aracaju, o \u2018Carna Caju 2013&#8242;. O evento momesco ser\u00e1 aberto oficialmente nesta quinta-feira, 31, com o tradicional Baile da Cidade, onde ser\u00e3o [&hellip;]<\/p>\n","protected":false},"author":1,"featured_media":43739,"comment_status":"closed","ping_status":"closed","sticky":false,"template":"","format":"standard","meta":{"footnotes":""},"categories":[310,6],"tags":[],"class_list":{"0":"post-43738","1":"post","2":"type-post","3":"status-publish","4":"format-standard","5":"has-post-thumbnail","7":"category-destaques-da-semana","8":"category-politica"},"_links":{"self":[{"href":"https:\/\/senoticias.com.br\/se\/wp-json\/wp\/v2\/posts\/43738"}],"collection":[{"href":"https:\/\/senoticias.com.br\/se\/wp-json\/wp\/v2\/posts"}],"about":[{"href":"https:\/\/senoticias.com.br\/se\/wp-json\/wp\/v2\/types\/post"}],"author":[{"embeddable":true,"href":"https:\/\/senoticias.com.br\/se\/wp-json\/wp\/v2\/users\/1"}],"replies":[{"embeddable":true,"href":"https:\/\/senoticias.com.br\/se\/wp-json\/wp\/v2\/comments?post=43738"}],"version-history":[{"count":0,"href":"https:\/\/senoticias.com.br\/se\/wp-json\/wp\/v2\/posts\/43738\/revisions"}],"wp:featuredmedia":[{"embeddable":true,"href":"https:\/\/senoticias.com.br\/se\/wp-json\/wp\/v2\/media\/43739"}],"wp:attachment":[{"href":"https:\/\/senoticias.com.br\/se\/wp-json\/wp\/v2\/media?parent=43738"}],"wp:term":[{"taxonomy":"category","embeddable":true,"href":"https:\/\/senoticias.com.br\/se\/wp-json\/wp\/v2\/categories?post=43738"},{"taxonomy":"post_tag","embeddable":true,"href":"https:\/\/senoticias.com.br\/se\/wp-json\/wp\/v2\/tags?post=43738"}],"curies":[{"name":"wp","href":"https:\/\/api.w.org\/{rel}","templated":true}]}}