{"id":43735,"date":"2013-01-30T17:08:59","date_gmt":"2013-01-30T20:08:59","guid":{"rendered":"http:\/\/senoticias.com.br\/se\/?p=43735"},"modified":"2013-01-31T20:07:56","modified_gmt":"2013-01-31T23:07:56","slug":"prefeitura-de-aracaju-poe-em-pratica-campanha-pague-em-dia-seu-iptu","status":"publish","type":"post","link":"https:\/\/senoticias.com.br\/se\/prefeitura-de-aracaju-poe-em-pratica-campanha-pague-em-dia-seu-iptu\/","title":{"rendered":"Prefeitura de Aracaju p\u00f5e em pr\u00e1tica campanha &#8216;Pague Em Dia Seu IPTU&#8217;"},"content":{"rendered":"<div id=\"attachment_43736\" style=\"width: 310px\" class=\"wp-caption alignleft\"><a href=\"http:\/\/senoticias.com.br\/se\/wp-content\/uploads\/2013\/01\/IPTU.jpeg\"><img loading=\"lazy\" decoding=\"async\" aria-describedby=\"caption-attachment-43736\" class=\"size-medium wp-image-43736\" title=\"IPTU\" src=\"http:\/\/senoticias.com.br\/se\/wp-content\/uploads\/2013\/01\/IPTU-300x199.jpg\" alt=\"\" width=\"300\" height=\"199\" \/><\/a><p id=\"caption-attachment-43736\" class=\"wp-caption-text\">Diversos outdoors da campanha j\u00e1 est\u00e3o espalhados pela cidade (Foto: S\u00e9rgio Silva)<\/p><\/div>\n<p style=\"text-align: justify;\">O Imposto sobre a Propriedade Predial e Territorial (IPTU) \u00e9 de extrema import\u00e2ncia no que concerne a qualidade de vida dos mun\u00edcipes. O imposto consiste na obten\u00e7\u00e3o de recursos que, de forma c\u00edclica, retornam para a sociedade em forma de benfeitorias distribu\u00eddas por toda a cidade, como obras de infraestrutura, drenagem e servi\u00e7os municipais.<\/p>\n<p style=\"text-align: justify;\">Pensando nisso, e tendo em vista que os boletos de pagamento da parcelas do IPTU j\u00e1 est\u00e3o sendo entregues, a Prefeitura Municipal de Aracaju (PMA) p\u00f5e em pr\u00e1tica a campanha \u2018Pague Em Dia Seu IPTU&#8217;. Veiculada na m\u00eddia televisiva, radiof\u00f4nica e impressa, al\u00e9m de estar espalhada pela capital sergipana em outdoors e busdoors, a iniciativa \u00e9 n\u00e3o s\u00f3 uma presta\u00e7\u00e3o de contas, mas tamb\u00e9m uma importante estrat\u00e9gia de conscientiza\u00e7\u00e3o.<\/p>\n<p style=\"text-align: justify;\">&#8220;\u00c9 importante que haja essa divulga\u00e7\u00e3o maci\u00e7a do pagamento do IPTU, dos benef\u00edcios que s\u00e3o recebidos ao pagamento \u00e0 vista e antecipado at\u00e9 o dia 7 de fevereiro, com descontos e outras vantagens&#8221;, afirma o secret\u00e1rio de Comunica\u00e7\u00e3o Social, Carlos Batalha.<\/p>\n<p style=\"text-align: justify;\">A campanha de divulga\u00e7\u00e3o e conscientiza\u00e7\u00e3o estabelece uma comunica\u00e7\u00e3o entre a gest\u00e3o municipal e a sociedade sobre o pagamento do IPTU, imposto cuja adimpl\u00eancia beira os 90%. A perspectiva de arrecadamento para 2013 \u00e9 em torno de R$ 67,5 milh\u00f5es.<\/p>\n<p style=\"text-align: justify;\">O imposto \u00e9 a prova da import\u00e2ncia da participa\u00e7\u00e3o da sociedade na constru\u00e7\u00e3o de um futuro melhor lado a lado com Prefeitura Municipal de Aracaju. &#8220;Esse \u00e9 um imposto que as pessoas pagam tendo a certeza de que o valor ir\u00e1 retornar para elas, por isso a adimpl\u00eancia \u00e9 alta&#8221;, explica Batalha.<\/p>\n<p style=\"text-align: justify;\"><strong>Pagamento da primeira parcela ou conta \u00fanica<\/strong><\/p>\n<p style=\"text-align: justify;\">Tanto o pagamento da primeira parcela como o vencimento da cota \u00fanica t\u00eam como data marcada para o dia 7 de fevereiro. O parcelamento pode ser realizado em at\u00e9 dez vezes. J\u00e1 para quem optar pela liquida\u00e7\u00e3o em cota \u00fanica h\u00e1 abatimento que varia de 5% a 10% do valor; o primeiro para os inadimplentes; o segundo para aqueles sem d\u00e9bitos de exerc\u00edcios antecedentes.<\/p>\n<p style=\"text-align: justify;\"><strong>Ag\u00eancia Aracaju de Not\u00edcias<\/strong><\/p>\n","protected":false},"excerpt":{"rendered":"<p>O Imposto sobre a Propriedade Predial e Territorial (IPTU) \u00e9 de extrema import\u00e2ncia no que concerne a qualidade de vida dos mun\u00edcipes. O imposto consiste na obten\u00e7\u00e3o de recursos que, de forma c\u00edclica, retornam para a sociedade em forma de benfeitorias distribu\u00eddas por toda a cidade, como obras de infraestrutura, drenagem e servi\u00e7os municipais. Pensando [&hellip;]<\/p>\n","protected":false},"author":1,"featured_media":43736,"comment_status":"closed","ping_status":"closed","sticky":false,"template":"","format":"standard","meta":{"footnotes":""},"categories":[310,6],"tags":[],"class_list":{"0":"post-43735","1":"post","2":"type-post","3":"status-publish","4":"format-standard","5":"has-post-thumbnail","7":"category-destaques-da-semana","8":"category-politica"},"_links":{"self":[{"href":"https:\/\/senoticias.com.br\/se\/wp-json\/wp\/v2\/posts\/43735"}],"collection":[{"href":"https:\/\/senoticias.com.br\/se\/wp-json\/wp\/v2\/posts"}],"about":[{"href":"https:\/\/senoticias.com.br\/se\/wp-json\/wp\/v2\/types\/post"}],"author":[{"embeddable":true,"href":"https:\/\/senoticias.com.br\/se\/wp-json\/wp\/v2\/users\/1"}],"replies":[{"embeddable":true,"href":"https:\/\/senoticias.com.br\/se\/wp-json\/wp\/v2\/comments?post=43735"}],"version-history":[{"count":0,"href":"https:\/\/senoticias.com.br\/se\/wp-json\/wp\/v2\/posts\/43735\/revisions"}],"wp:featuredmedia":[{"embeddable":true,"href":"https:\/\/senoticias.com.br\/se\/wp-json\/wp\/v2\/media\/43736"}],"wp:attachment":[{"href":"https:\/\/senoticias.com.br\/se\/wp-json\/wp\/v2\/media?parent=43735"}],"wp:term":[{"taxonomy":"category","embeddable":true,"href":"https:\/\/senoticias.com.br\/se\/wp-json\/wp\/v2\/categories?post=43735"},{"taxonomy":"post_tag","embeddable":true,"href":"https:\/\/senoticias.com.br\/se\/wp-json\/wp\/v2\/tags?post=43735"}],"curies":[{"name":"wp","href":"https:\/\/api.w.org\/{rel}","templated":true}]}}